{"id":21810,"date":"2020-01-13T10:02:53","date_gmt":"2020-01-13T13:02:53","guid":{"rendered":"http:\/\/wphomologa.cijun.sp.gov.br\/STIMPREN\/2020\/01\/conselheiros-tutelares-tomam-posse-em-cajamar\/"},"modified":"2020-01-13T10:02:53","modified_gmt":"2020-01-13T13:02:53","slug":"conselheiros-tutelares-tomam-posse-em-cajamar","status":"publish","type":"post","link":"https:\/\/cajamar.sp.gov.br\/noticias\/2020\/01\/13\/conselheiros-tutelares-tomam-posse-em-cajamar\/","title":{"rendered":"Conselheiros tutelares tomam posse em Cajamar"},"content":{"rendered":"<!-- id:6298 -->\n\n<div class=\"wp-block-image\">\n<figure class=\"aligncenter\">\n<img decoding=\"async\" src=\"https:\/\/cajamar.sp.gov.br\/wp-content\/uploads\/arquivo\/img6298a.jpg\" \/>\n\n<\/figure>\n<\/div>\n\n\nOs novos cinco conselheiros tutelares de Cajamar tomaram posse na manh\u00e3 desta sexta-feira, dia 10 de janeiro, em cerim\u00f4nia realizada no Plen\u00e1rio Ver. Waldomiro dos Santos, na C\u00e2mara Municipal. Eleitos por voto direto, eles integrar\u00e3o o Conselho Tutelar da cidade, junto ao Conselho Municipal dos Direitos da Crian\u00e7a e do Adolescente. \n\nOs membros do Conselho Tutelar de Cajamar ter\u00e3o mandato para o quadri\u00eanio 2020\/2023 e j\u00e1 come\u00e7am a trabalhar imediatamente ap\u00f3s a posse. Escolhidos pela popula\u00e7\u00e3o em elei\u00e7\u00f5es diretas, os conselheiros t\u00eam como responsabilidade o atendimento de crian\u00e7as, adolescentes e suas fam\u00edlias. Eles recebem den\u00fancias, verificam situa\u00e7\u00f5es e aplicam as medidas de prote\u00e7\u00e3o, sempre que os direitos reconhecidos pelo Estatuto da Crian\u00e7a e do Adolescente (ECA) forem amea\u00e7ados e\/ou violados.\n\nO prefeito Danilo Joan participou da cerim\u00f4nia e deu parab\u00e9ns aos novos conselheiros durante a posse e agradeceu a disponibilidade de passarem pelo processo de sele\u00e7\u00e3o em v\u00e1rias etapas, que exige tamb\u00e9m qualifica\u00e7\u00e3o t\u00e9cnica, al\u00e9m da elei\u00e7\u00e3o direta. \u201cOs conselheiros t\u00eam um papel importante na defesa e prote\u00e7\u00e3o de nossas crian\u00e7as e adolescentes e estamos dando posse para que eles venham se somar ao nosso trabalho, serem parceiros das nossas pol\u00edticas p\u00fablicas\u201d, afirmou.\n\nAo lado do prefeito Danilo Joan, entregaram os certificados de posse o presidente da C\u00e2mara Saulo Anderson Rodrigues, os vereadores Fabio Pontes, Izelda Carna\u00faba, Manoel Pereira (Man\u00e9 do Am\u00e9rica) e Moreira, o secret\u00e1rio de Desenvolvimento Social, Niedson Silva Souza Filho e a presidente do Conselho Municipal dos Direitos da Crian\u00e7a e do Adolescente, Gl\u00f3ria Franco. Tamb\u00e9m participaram da cerim\u00f4nia representantes de v\u00e1rias secretarias municipais, do Poder Legislativo, do Poder Judici\u00e1rio e convidados dos conselheiros. \n\nConselheiros Empossados \n\nOtonei Saores Garcia &#8211; (Eleito com 435 votos);\nDami\u00e3o de Paiva Queiroz &#8211; (Eleito com 347 votos);\nKleber Jos\u00e9 Ara\u00fajo &#8211; (Eleito com 343 votos);\nValqu\u00edria C. de Oliveira Soares &#8211; (Eleito com 339 votos);\nMaur\u00edcio M. da Silva &#8211; (Eleito com 309 votos).\n\n<!-- galeria:6298 -->\n\n<ul class=\"wp-block-gallery columns-2 is-cropped wp-block-gallery-1 is-layout-flex wp-block-gallery-is-layout-flex\">\n\n<li class=\"blocks-gallery-item\">\n\n<figure>\n\n<img decoding=\"async\" src=\"https:\/\/cajamar.sp.gov.br\/wp-content\/uploads\/arquivo\/img6298b.jpg\" \/>\n\n<figcaption><\/figcaption>\n\n<\/figure>\n\n<\/li>\n\n\n\n<li class=\"blocks-gallery-item\">\n\n<figure>\n\n<img decoding=\"async\" src=\"https:\/\/cajamar.sp.gov.br\/wp-content\/uploads\/arquivo\/img6298c.jpg\" \/>\n\n<figcaption><\/figcaption>\n\n<\/figure>\n\n<\/li>\n\n\n\n<\/ul>\n\n\n","protected":false},"excerpt":{"rendered":"<p>Os membros do Conselho Tutelar de Cajamar ter\u00e3o mandato para o quadri\u00eanio 2020\/2023<\/p>\n","protected":false},"author":5,"featured_media":0,"comment_status":"open","ping_status":"open","sticky":false,"template":"","format":"standard","meta":{"footnotes":""},"categories":[4],"tags":[],"posicao":[],"class_list":["post-21810","post","type-post","status-publish","format-standard","hentry","category-social"],"_links":{"self":[{"href":"https:\/\/cajamar.sp.gov.br\/noticias\/wp-json\/wp\/v2\/posts\/21810","targetHints":{"allow":["GET"]}}],"collection":[{"href":"https:\/\/cajamar.sp.gov.br\/noticias\/wp-json\/wp\/v2\/posts"}],"about":[{"href":"https:\/\/cajamar.sp.gov.br\/noticias\/wp-json\/wp\/v2\/types\/post"}],"author":[{"embeddable":true,"href":"https:\/\/cajamar.sp.gov.br\/noticias\/wp-json\/wp\/v2\/users\/5"}],"replies":[{"embeddable":true,"href":"https:\/\/cajamar.sp.gov.br\/noticias\/wp-json\/wp\/v2\/comments?post=21810"}],"version-history":[{"count":0,"href":"https:\/\/cajamar.sp.gov.br\/noticias\/wp-json\/wp\/v2\/posts\/21810\/revisions"}],"wp:attachment":[{"href":"https:\/\/cajamar.sp.gov.br\/noticias\/wp-json\/wp\/v2\/media?parent=21810"}],"wp:term":[{"taxonomy":"category","embeddable":true,"href":"https:\/\/cajamar.sp.gov.br\/noticias\/wp-json\/wp\/v2\/categories?post=21810"},{"taxonomy":"post_tag","embeddable":true,"href":"https:\/\/cajamar.sp.gov.br\/noticias\/wp-json\/wp\/v2\/tags?post=21810"},{"taxonomy":"posicao","embeddable":true,"href":"https:\/\/cajamar.sp.gov.br\/noticias\/wp-json\/wp\/v2\/posicao?post=21810"}],"curies":[{"name":"wp","href":"https:\/\/api.w.org\/{rel}","templated":true}]}}