{"id":21833,"date":"2020-01-22T15:14:45","date_gmt":"2020-01-22T18:14:45","guid":{"rendered":"http:\/\/wphomologa.cijun.sp.gov.br\/STIMPREN\/2020\/01\/prefeitura-revitaliza-praca-da-lavrinha-no-centro\/"},"modified":"2020-01-22T15:14:45","modified_gmt":"2020-01-22T18:14:45","slug":"prefeitura-revitaliza-praca-da-lavrinha-no-centro","status":"publish","type":"post","link":"https:\/\/cajamar.sp.gov.br\/noticias\/2020\/01\/22\/prefeitura-revitaliza-praca-da-lavrinha-no-centro\/","title":{"rendered":"Prefeitura revitaliza Pra\u00e7a da Lavrinha, no Centro"},"content":{"rendered":"<!-- id:6321 -->\n\n<div class=\"wp-block-image\">\n<figure class=\"aligncenter\">\n<img decoding=\"async\" src=\"https:\/\/cajamar.sp.gov.br\/wp-content\/uploads\/arquivo\/img6321a.jpg\" \/>\n\n<\/figure>\n<\/div>\n\n\nA Prefeitura de Cajamar, atrav\u00e9s da Secretaria de Infraestrutura e Servi\u00e7os P\u00fablicos est\u00e1 realizando os trabalhos de limpeza e manuten\u00e7\u00e3o da Pra\u00e7a Benedito Martins da Cruz, conhecida popularmente como Pra\u00e7a da Lavrinha. \n\nEssa a\u00e7\u00e3o faz parte do Programa \u201cCajamar Bem Cuidada\u201d, um conjunto de atividades que visa recuperar os espa\u00e7os p\u00fablicos por todo o munic\u00edpio. \n\nO Programa \u201cCajamar Bem Cuidada\u201d, de revitaliza\u00e7\u00e3o de pra\u00e7as inclui limpeza, pintura do piso e de guias, manuten\u00e7\u00e3o e reforma de cal\u00e7adas, dos bancos, troca de l\u00e2mpadas, das lixeiras, uso de lavadora de alta press\u00e3o, entre outros.\n\n<!-- galeria:6321 -->\n\n<ul class=\"wp-block-gallery columns-2 is-cropped wp-block-gallery-1 is-layout-flex wp-block-gallery-is-layout-flex\">\n\n<li class=\"blocks-gallery-item\">\n\n<figure>\n\n<img decoding=\"async\" src=\"https:\/\/cajamar.sp.gov.br\/wp-content\/uploads\/arquivo\/img6321b.jpg\" \/>\n\n<figcaption><\/figcaption>\n\n<\/figure>\n\n<\/li>\n\n\n\n<li class=\"blocks-gallery-item\">\n\n<figure>\n\n<img decoding=\"async\" src=\"https:\/\/cajamar.sp.gov.br\/wp-content\/uploads\/arquivo\/img6321c.jpg\" \/>\n\n<figcaption><\/figcaption>\n\n<\/figure>\n\n<\/li>\n\n\n\n<\/ul>\n\n\n","protected":false},"excerpt":{"rendered":"<p>Essa a\u00e7\u00e3o faz parte do Programa \u201cCajamar Bem Cuidada\u201d, um conjunto de atividades que visa recuperar os espa\u00e7os p\u00fablicos por todo o munic\u00edpio<\/p>\n","protected":false},"author":5,"featured_media":0,"comment_status":"open","ping_status":"open","sticky":false,"template":"","format":"standard","meta":{"footnotes":""},"categories":[14],"tags":[],"posicao":[],"class_list":["post-21833","post","type-post","status-publish","format-standard","hentry","category-servicos-publicos"],"_links":{"self":[{"href":"https:\/\/cajamar.sp.gov.br\/noticias\/wp-json\/wp\/v2\/posts\/21833","targetHints":{"allow":["GET"]}}],"collection":[{"href":"https:\/\/cajamar.sp.gov.br\/noticias\/wp-json\/wp\/v2\/posts"}],"about":[{"href":"https:\/\/cajamar.sp.gov.br\/noticias\/wp-json\/wp\/v2\/types\/post"}],"author":[{"embeddable":true,"href":"https:\/\/cajamar.sp.gov.br\/noticias\/wp-json\/wp\/v2\/users\/5"}],"replies":[{"embeddable":true,"href":"https:\/\/cajamar.sp.gov.br\/noticias\/wp-json\/wp\/v2\/comments?post=21833"}],"version-history":[{"count":0,"href":"https:\/\/cajamar.sp.gov.br\/noticias\/wp-json\/wp\/v2\/posts\/21833\/revisions"}],"wp:attachment":[{"href":"https:\/\/cajamar.sp.gov.br\/noticias\/wp-json\/wp\/v2\/media?parent=21833"}],"wp:term":[{"taxonomy":"category","embeddable":true,"href":"https:\/\/cajamar.sp.gov.br\/noticias\/wp-json\/wp\/v2\/categories?post=21833"},{"taxonomy":"post_tag","embeddable":true,"href":"https:\/\/cajamar.sp.gov.br\/noticias\/wp-json\/wp\/v2\/tags?post=21833"},{"taxonomy":"posicao","embeddable":true,"href":"https:\/\/cajamar.sp.gov.br\/noticias\/wp-json\/wp\/v2\/posicao?post=21833"}],"curies":[{"name":"wp","href":"https:\/\/api.w.org\/{rel}","templated":true}]}}