{"id":21834,"date":"2020-01-22T16:28:09","date_gmt":"2020-01-22T19:28:09","guid":{"rendered":"http:\/\/wphomologa.cijun.sp.gov.br\/STIMPREN\/2020\/01\/28a-corrida-de-sao-sebastiao-reuniu-mais-de-500-participantes\/"},"modified":"2020-01-22T16:28:09","modified_gmt":"2020-01-22T19:28:09","slug":"28a-corrida-de-sao-sebastiao-reuniu-mais-de-500-participantes","status":"publish","type":"post","link":"https:\/\/cajamar.sp.gov.br\/noticias\/2020\/01\/22\/28a-corrida-de-sao-sebastiao-reuniu-mais-de-500-participantes\/","title":{"rendered":"28\u00aa Corrida de S\u00e3o Sebasti\u00e3o reuniu mais de 500 participantes"},"content":{"rendered":"<!-- id:6322 -->\n\n<div class=\"wp-block-image\">\n<figure class=\"aligncenter\">\n<img decoding=\"async\" src=\"https:\/\/cajamar.sp.gov.br\/wp-content\/uploads\/arquivo\/img6322a.jpg\" \/>\n\n<\/figure>\n<\/div>\n\n\nA 28\u00ba Corrida de S\u00e3o Sebasti\u00e3o de Cajamar, realizada no \u00faltimo domingo (19), marcou as festividades do padroeiro no munic\u00edpio. Ao todo, a prova reuniu 500 competidores que percorreram a dist\u00e2ncia de 7km e movimentaram a regi\u00e3o central da cidade.\n\nOs participantes seguiram do Gin\u00e1sio Poliesportivo Lamartine de Paula Lima em Cajamar-Centro, com destino ao Centro de Eventos Boi\u00f3dromo, onde os atletas receberam medalhas e os trof\u00e9us por categorias.\n\nNo masculino, o primeiro a cruzar a linha de chegada foi o atleta Joanderson do Nascimento, morador de Cajamar, que alcan\u00e7ou o t\u00edtulo com 25 minutos e 17 segundos. No feminino, a ganhadora, pela primeira, foi a atleta Monica Carvalho, de Cajamar, que chegou em 31 minutos e 22 segundos. \n\nA atleta mais idosa a cumprir a prova, na categoria 71 at\u00e9 99 anos, foi Tochie Tsunoda, de 79 anos, que cruzou a linha de chegada aos 53 minutos e tr\u00eas segundos. Todos os corredores receberam medalha de participa\u00e7\u00e3o. Al\u00e9m disso, os tr\u00eas primeiros colocados tamb\u00e9m ganharam trof\u00e9us. O tradicional evento esportivo, realizado pela Prefeitura de Cajamar, por meio da Secretaria de Esportes, contou com um novo percurso que agradou os atletas que tamb\u00e9m elogiaram a log\u00edstica montada com as equipes de apoio.\n\nO Prefeito Danilo Joan agradeceu a participa\u00e7\u00e3o de todos, em especial a dedica\u00e7\u00e3o dos atletas e profissionais que trabalharam para o sucesso do evento. A Corrida de S\u00e3o Sebasti\u00e3o tamb\u00e9m contou com os servi\u00e7os da Guarda Civil Municipal, Agentes de Tr\u00e2nsito e Transportes, Secretaria de Sa\u00fade, Central de Ambul\u00e2ncias, Bombeiros Volunt\u00e1rios e Pol\u00edcia Militar.\n\nConfira a classifica\u00e7\u00e3o por categoria da 27\u00aa Corrida de S\u00e3o Sebasti\u00e3o de Cajamar\n\nFEMININO \nCategoria: 16 aos 20 anos\n1\u00ba &#8211; Let\u00edcia Rio Mizukami  &#8211; 35:13\n\nCategoria: 21 aos 30 anos\n1\u00ba &#8211; Mariana Matos de Souza Camilo  &#8211; 38:57 \n2\u00ba &#8211; Ana Carolina da Concei\u00e7\u00e3o &#8211; 39:19\n3\u00ba Paloma Duarte &#8211; 49:30\n\nCategoria: 31 aos 40 anos\n1\u00ba &#8211; Silvia Correia de Novaes &#8211; 33:38\n2\u00ba &#8211; Flavia Giassetti Koshevnikoff &#8211; 36:01\n3\u00ba &#8211; Joseli Gon\u00e7alves &#8211; 36:27\n\nCategoria: 41 aos 50 anos\n1\u00ba &#8211; Paula Mitukami &#8211; 34:11\n2\u00ba &#8211; Maria de Lourdes Floriano &#8211; 36:05\n3\u00ba &#8211; Gislene ven\u00e2ncio Honorato &#8211; 42:44\n\nCategoria: 51 aos 60 anos\n1\u00ba &#8211; Rita M. de Queiroz Santos &#8211; 35:27\n2\u00ba &#8211; Iosita Alves Pinho Canzano &#8211; 35:50\n3\u00ba &#8211; Valnete Batos Machado &#8211; 38:34\n\nCategoria 61 aos 99 anos \n1\u00ba &#8211; Lucia Rodrigues &#8211; 44h34\n2\u00ba &#8211; Aline Jacinto Barba\u00e0 &#8211; 47:37\n\nMASCULINO \nCategoria: 16 aos 20 anos \n1\u00ba &#8211; Isaque da Silva Lima &#8211; 26:40\n2\u00ba &#8211; Lucas Senhoretti da Silva &#8211; 27:18\n2\u00ba &#8211; Jo\u00e3o Pedro Barbosa Agostinho &#8211; 52:28\n\nCategoria 21 aos 30 anos \n1\u00ba &#8211; Fernando Maia &#8211; 26:41\n2\u00ba &#8211; Thiago Monticelli da Silva &#8211; 27:18\n3\u00ba &#8211; Antonio Carlos Mendes Ferreira &#8211; 27:58\n\nCategoria: 31 aos 40 anos \n1\u00ba &#8211; Emerson Calcagno Paschoa &#8211; 26:00\n2\u00ba &#8211; Ednaldo Jos\u00e9 da Silva &#8211; 27:29\n3\u00ba &#8211; Rafael de Almeira Greghi &#8211; 29:13\n\nCategoria: 41 aos 50 anos\n1\u00ba Levi Ferreira dos Santos &#8211; 26:20\n2\u00ba &#8211; Evilazio Ferreira Mota &#8211; 26:59\n3\u00ba &#8211; Anderson Roberto dos Santos &#8211; 27:10\n\nCategoria: 51 aos 60 anos\n1\u00ba &#8211; Laerte Idalino Firmino &#8211; 28:31\n2\u00ba &#8211; Paulo Sergio &#8211; 29:37\n3\u00ba &#8211; Osmario Souza &#8211; 30:33\n\nCategoria: 61 aos 99 anos\n1\u00ba &#8211; Antonio Paulino dos Santos &#8211; 33:54\n2\u00ba &#8211; Mauro Moreno Santos &#8211; 33:56\n3\u00ba &#8211; Reynaldo Tezzei &#8211; 34:00\n\n<!-- galeria:6322 -->\n\n<ul class=\"wp-block-gallery columns-2 is-cropped wp-block-gallery-1 is-layout-flex wp-block-gallery-is-layout-flex\">\n\n<li class=\"blocks-gallery-item\">\n\n<figure>\n\n<img decoding=\"async\" src=\"https:\/\/cajamar.sp.gov.br\/wp-content\/uploads\/arquivo\/img6322b.jpg\" \/>\n\n<figcaption><\/figcaption>\n\n<\/figure>\n\n<\/li>\n\n\n\n<li class=\"blocks-gallery-item\">\n\n<figure>\n\n<img decoding=\"async\" src=\"https:\/\/cajamar.sp.gov.br\/wp-content\/uploads\/arquivo\/img6322c.jpg\" \/>\n\n<figcaption><\/figcaption>\n\n<\/figure>\n\n<\/li>\n\n\n\n<li class=\"blocks-gallery-item\">\n\n<figure>\n\n<img decoding=\"async\" src=\"https:\/\/cajamar.sp.gov.br\/wp-content\/uploads\/arquivo\/img6322d.jpg\" \/>\n\n<figcaption><\/figcaption>\n\n<\/figure>\n\n<\/li>\n\n\n\n<li class=\"blocks-gallery-item\">\n\n<figure>\n\n<img decoding=\"async\" src=\"https:\/\/cajamar.sp.gov.br\/wp-content\/uploads\/arquivo\/img6322e.jpg\" \/>\n\n<figcaption><\/figcaption>\n\n<\/figure>\n\n<\/li>\n\n\n\n<li class=\"blocks-gallery-item\">\n\n<figure>\n\n<img decoding=\"async\" src=\"https:\/\/cajamar.sp.gov.br\/wp-content\/uploads\/arquivo\/img6322f.jpg\" \/>\n\n<figcaption><\/figcaption>\n\n<\/figure>\n\n<\/li>\n\n\n\n<\/ul>\n\n\n","protected":false},"excerpt":{"rendered":"<p>Com percurso aproximado de 7 km, os participantes seguiram do Gin\u00e1sio Poliesportivo Lamartine de Paula Lima em Cajamar-Centro, com destino ao Centro de Eventos Boi\u00f3dromo<\/p>\n","protected":false},"author":5,"featured_media":0,"comment_status":"open","ping_status":"open","sticky":false,"template":"","format":"standard","meta":{"footnotes":""},"categories":[5],"tags":[],"posicao":[],"class_list":["post-21834","post","type-post","status-publish","format-standard","hentry","category-esportes-e-lazer"],"_links":{"self":[{"href":"https:\/\/cajamar.sp.gov.br\/noticias\/wp-json\/wp\/v2\/posts\/21834","targetHints":{"allow":["GET"]}}],"collection":[{"href":"https:\/\/cajamar.sp.gov.br\/noticias\/wp-json\/wp\/v2\/posts"}],"about":[{"href":"https:\/\/cajamar.sp.gov.br\/noticias\/wp-json\/wp\/v2\/types\/post"}],"author":[{"embeddable":true,"href":"https:\/\/cajamar.sp.gov.br\/noticias\/wp-json\/wp\/v2\/users\/5"}],"replies":[{"embeddable":true,"href":"https:\/\/cajamar.sp.gov.br\/noticias\/wp-json\/wp\/v2\/comments?post=21834"}],"version-history":[{"count":0,"href":"https:\/\/cajamar.sp.gov.br\/noticias\/wp-json\/wp\/v2\/posts\/21834\/revisions"}],"wp:attachment":[{"href":"https:\/\/cajamar.sp.gov.br\/noticias\/wp-json\/wp\/v2\/media?parent=21834"}],"wp:term":[{"taxonomy":"category","embeddable":true,"href":"https:\/\/cajamar.sp.gov.br\/noticias\/wp-json\/wp\/v2\/categories?post=21834"},{"taxonomy":"post_tag","embeddable":true,"href":"https:\/\/cajamar.sp.gov.br\/noticias\/wp-json\/wp\/v2\/tags?post=21834"},{"taxonomy":"posicao","embeddable":true,"href":"https:\/\/cajamar.sp.gov.br\/noticias\/wp-json\/wp\/v2\/posicao?post=21834"}],"curies":[{"name":"wp","href":"https:\/\/api.w.org\/{rel}","templated":true}]}}