{"id":21844,"date":"2020-01-28T13:13:39","date_gmt":"2020-01-28T16:13:39","guid":{"rendered":"http:\/\/wphomologa.cijun.sp.gov.br\/STIMPREN\/2020\/01\/prefeitura-revitaliza-sinalizacao-viaria-do-municipio\/"},"modified":"2020-01-28T13:13:39","modified_gmt":"2020-01-28T16:13:39","slug":"prefeitura-revitaliza-sinalizacao-viaria-do-municipio","status":"publish","type":"post","link":"https:\/\/cajamar.sp.gov.br\/noticias\/2020\/01\/28\/prefeitura-revitaliza-sinalizacao-viaria-do-municipio\/","title":{"rendered":"Prefeitura revitaliza sinaliza\u00e7\u00e3o vi\u00e1ria do munic\u00edpio"},"content":{"rendered":"<!-- id:6332 -->\n\n<div class=\"wp-block-image\">\n<figure class=\"aligncenter\">\n<img decoding=\"async\" src=\"https:\/\/cajamar.sp.gov.br\/wp-content\/uploads\/arquivo\/img6332a.jpg\" \/>\n\n<\/figure>\n<\/div>\n\n\nA Prefeitura de Cajamar, por meio da Secretaria Municipal de Mobilidade e Desenvolvimento Urbano, vem realizando o servi\u00e7o de revitaliza\u00e7\u00e3o da sinaliza\u00e7\u00e3o horizontal das vias urbanas, com a pintura das faixas de pedestres, sob a coordena\u00e7\u00e3o da Diretoria de Tr\u00e2nsito e Transportes. As novas sinaliza\u00e7\u00f5es estar\u00e3o por toda a cidade, proporcionando mais seguran\u00e7a aos pedestres. Esta a\u00e7\u00e3o faz parte do programa \u201cCajamar Bem Cuidada\u201d, implantado pela atual gest\u00e3o. \n\nA sinaliza\u00e7\u00e3o horizontal \u00e9 fundamental para alertar condutores e principalmente pedestres no tr\u00e2nsito. A determina\u00e7\u00e3o de revitaliza\u00e7\u00e3o da pintura das faixas de pedestres foi do prefeito Danilo Joan, que afirma que revigorar a sinaliza\u00e7\u00e3o e melhorar a visibilidade das faixas vai gerar ainda mais conforto e fortalecer a seguran\u00e7a a quem utiliza diariamente as vias do munic\u00edpio.\n\nA a\u00e7\u00e3o, que faz parte de um cronograma da Secretaria de Mobilidade e Desenvolvimento Urbano, teve in\u00edcio nas vias com maior fluxo de ve\u00edculos e deve se estender a todos os bairros do munic\u00edpio. Lombadas tamb\u00e9m est\u00e3o sendo repintadas. \n\nPara o secret\u00e1rio de Mobilidade Urbana e Desenvolvimento Urbano, Leandro Arantes, a revitaliza\u00e7\u00e3o da sinaliza\u00e7\u00e3o das faixas proporciona aos condutores e pedestres a preven\u00e7\u00e3o de acidentes e serve para alert\u00e1-los na educa\u00e7\u00e3o no tr\u00e2nsito. \n\n\u201c\u00c9 fundamental mantermos a sinaliza\u00e7\u00e3o revitalizada, e estamos trabalhando para isso em v\u00e1rias ruas da cidade. Queremos promover a mobilidade urbana e a qualidade de vida a toda popula\u00e7\u00e3o cajamarense. Neste momento, vamos repintar as faixas de pedestres e aquelas lombadas que a pintura j\u00e1 apresenta desgaste. Tamb\u00e9m estamos revitalizando toda a sinaliza\u00e7\u00e3o horizontal da cidade\u201d, informou o secret\u00e1rio.\n\nOs servi\u00e7os da Diretoria de Tr\u00e2nsito e Transportes contam com equipes pr\u00f3prias e terceirizadas para realiza\u00e7\u00e3o dos trabalhos de sinaliza\u00e7\u00e3o horizontal e vertical, bem como engenharia de tr\u00e2nsito e manuten\u00e7\u00e3o de sem\u00e1foros. A empresa respons\u00e1vel pelos servi\u00e7os de pintura da sinaliza\u00e7\u00e3o disponibiliza de equipamentos de alta qualidade como tinta termopl\u00e1stica que dura at\u00e9 quatro anos de conserva\u00e7\u00e3o.\n\n<!-- galeria:6332 -->\n\n<ul class=\"wp-block-gallery columns-2 is-cropped wp-block-gallery-1 is-layout-flex wp-block-gallery-is-layout-flex\">\n\n<li class=\"blocks-gallery-item\">\n\n<figure>\n\n<img decoding=\"async\" src=\"https:\/\/cajamar.sp.gov.br\/wp-content\/uploads\/arquivo\/img6332b.jpg\" \/>\n\n<figcaption><\/figcaption>\n\n<\/figure>\n\n<\/li>\n\n\n\n<li class=\"blocks-gallery-item\">\n\n<figure>\n\n<img decoding=\"async\" src=\"https:\/\/cajamar.sp.gov.br\/wp-content\/uploads\/arquivo\/img6332c.jpg\" \/>\n\n<figcaption><\/figcaption>\n\n<\/figure>\n\n<\/li>\n\n\n\n<li class=\"blocks-gallery-item\">\n\n<figure>\n\n<img decoding=\"async\" src=\"https:\/\/cajamar.sp.gov.br\/wp-content\/uploads\/arquivo\/img6332d.jpg\" \/>\n\n<figcaption><\/figcaption>\n\n<\/figure>\n\n<\/li>\n\n\n\n<\/ul>\n\n\n","protected":false},"excerpt":{"rendered":"<p>A a\u00e7\u00e3o, que faz parte de um cronograma da Secretaria de Mobilidade e Desenvolvimento Urbano, teve in\u00edcio nas vias com maior fluxo de ve\u00edculos e deve se estender a todos os bairros do munic\u00edpio.<\/p>\n","protected":false},"author":5,"featured_media":0,"comment_status":"open","ping_status":"open","sticky":false,"template":"","format":"standard","meta":{"footnotes":""},"categories":[19],"tags":[],"posicao":[],"class_list":["post-21844","post","type-post","status-publish","format-standard","hentry","category-mobilidade"],"_links":{"self":[{"href":"https:\/\/cajamar.sp.gov.br\/noticias\/wp-json\/wp\/v2\/posts\/21844","targetHints":{"allow":["GET"]}}],"collection":[{"href":"https:\/\/cajamar.sp.gov.br\/noticias\/wp-json\/wp\/v2\/posts"}],"about":[{"href":"https:\/\/cajamar.sp.gov.br\/noticias\/wp-json\/wp\/v2\/types\/post"}],"author":[{"embeddable":true,"href":"https:\/\/cajamar.sp.gov.br\/noticias\/wp-json\/wp\/v2\/users\/5"}],"replies":[{"embeddable":true,"href":"https:\/\/cajamar.sp.gov.br\/noticias\/wp-json\/wp\/v2\/comments?post=21844"}],"version-history":[{"count":0,"href":"https:\/\/cajamar.sp.gov.br\/noticias\/wp-json\/wp\/v2\/posts\/21844\/revisions"}],"wp:attachment":[{"href":"https:\/\/cajamar.sp.gov.br\/noticias\/wp-json\/wp\/v2\/media?parent=21844"}],"wp:term":[{"taxonomy":"category","embeddable":true,"href":"https:\/\/cajamar.sp.gov.br\/noticias\/wp-json\/wp\/v2\/categories?post=21844"},{"taxonomy":"post_tag","embeddable":true,"href":"https:\/\/cajamar.sp.gov.br\/noticias\/wp-json\/wp\/v2\/tags?post=21844"},{"taxonomy":"posicao","embeddable":true,"href":"https:\/\/cajamar.sp.gov.br\/noticias\/wp-json\/wp\/v2\/posicao?post=21844"}],"curies":[{"name":"wp","href":"https:\/\/api.w.org\/{rel}","templated":true}]}}