{"id":21873,"date":"2020-02-11T18:13:32","date_gmt":"2020-02-11T21:13:32","guid":{"rendered":"http:\/\/wphomologa.cijun.sp.gov.br\/STIMPREN\/2020\/02\/prefeitura-e-defesa-civil-vistoriam-areas-afetadas-pelas-chuvas\/"},"modified":"2020-02-11T18:13:32","modified_gmt":"2020-02-11T21:13:32","slug":"prefeitura-e-defesa-civil-vistoriam-areas-afetadas-pelas-chuvas","status":"publish","type":"post","link":"https:\/\/cajamar.sp.gov.br\/noticias\/2020\/02\/11\/prefeitura-e-defesa-civil-vistoriam-areas-afetadas-pelas-chuvas\/","title":{"rendered":"Prefeitura e Defesa Civil vistoriam \u00e1reas afetadas pelas chuvas"},"content":{"rendered":"<!-- id:6361 -->\n\n<div class=\"wp-block-image\">\n<figure class=\"aligncenter\">\n<img decoding=\"async\" src=\"https:\/\/cajamar.sp.gov.br\/wp-content\/uploads\/arquivo\/img6361a.jpg\" \/>\n\n<\/figure>\n<\/div>\n\n\nNa manh\u00e3 desta ter\u00e7a-feira (11), a Defesa Civil de Cajamar vistoriou algumas casas em diversos bairros da cidade. O objetivo foi avaliar os pontos mais cr\u00edticos e danificados pela intensa chuva que atingiu a cidade desde o \u00faltimo domingo, dia 9. Entre os estragos vistoriados pelo \u00f3rg\u00e3o est\u00e3o \u00e1reas de alagamentos, deslizamentos de terras, entre outros.\n\nSegundo o coordenador da Defesa Civil, Sidinei Marques Barboza, a\u00e7\u00f5es de inspe\u00e7\u00e3o est\u00e3o sendo realizadas com o intuito de avaliar os locais atingidos e realizar manuten\u00e7\u00f5es nos \u00e1reas que foram mais afetadas pela chuva.\n\nTodos os pontos cr\u00edticos foram repassados para a Secretaria de Infraestrutura e Servi\u00e7os P\u00fablicos que ir\u00e1 fazer os trabalhos de manuten\u00e7\u00e3o. A Defesa Civil ressaltou ainda que os monitoramentos continuar\u00e3o durante todo o per\u00edodo chuvoso.\n\nMaior chuva da hist\u00f3ria\n\nCajamar passou pelo maior per\u00edodo de chuva registrado da hist\u00f3ria da cidade. Segundo dados informados pela Defesa Civil do munic\u00edpio, das 19h de domingo (09), at\u00e9 as 19h de segunda-feira (10), foram registrados um volume de 185mm de \u00e1gua na cidade, um n\u00famero extremamente elevado em um per\u00edodo t\u00e3o curto de tempo.\n\n<!-- galeria:6361 -->\n\n<ul class=\"wp-block-gallery columns-2 is-cropped wp-block-gallery-1 is-layout-flex wp-block-gallery-is-layout-flex\">\n\n<li class=\"blocks-gallery-item\">\n\n<figure>\n\n<img decoding=\"async\" src=\"https:\/\/cajamar.sp.gov.br\/wp-content\/uploads\/arquivo\/img6361b.jpg\" \/>\n\n<figcaption><\/figcaption>\n\n<\/figure>\n\n<\/li>\n\n\n\n<\/ul>\n\n\n","protected":false},"excerpt":{"rendered":"<p>As a\u00e7\u00f5es de inspe\u00e7\u00e3o est\u00e3o sendo realizadas com o intuito de avaliar os locais atingidos e realizar manuten\u00e7\u00f5es nos \u00e1reas que foram mais afetadas pela chuva.<\/p>\n","protected":false},"author":5,"featured_media":0,"comment_status":"open","ping_status":"open","sticky":false,"template":"","format":"standard","meta":{"footnotes":""},"categories":[20],"tags":[],"posicao":[],"class_list":["post-21873","post","type-post","status-publish","format-standard","hentry","category-defesa-civil"],"_links":{"self":[{"href":"https:\/\/cajamar.sp.gov.br\/noticias\/wp-json\/wp\/v2\/posts\/21873","targetHints":{"allow":["GET"]}}],"collection":[{"href":"https:\/\/cajamar.sp.gov.br\/noticias\/wp-json\/wp\/v2\/posts"}],"about":[{"href":"https:\/\/cajamar.sp.gov.br\/noticias\/wp-json\/wp\/v2\/types\/post"}],"author":[{"embeddable":true,"href":"https:\/\/cajamar.sp.gov.br\/noticias\/wp-json\/wp\/v2\/users\/5"}],"replies":[{"embeddable":true,"href":"https:\/\/cajamar.sp.gov.br\/noticias\/wp-json\/wp\/v2\/comments?post=21873"}],"version-history":[{"count":0,"href":"https:\/\/cajamar.sp.gov.br\/noticias\/wp-json\/wp\/v2\/posts\/21873\/revisions"}],"wp:attachment":[{"href":"https:\/\/cajamar.sp.gov.br\/noticias\/wp-json\/wp\/v2\/media?parent=21873"}],"wp:term":[{"taxonomy":"category","embeddable":true,"href":"https:\/\/cajamar.sp.gov.br\/noticias\/wp-json\/wp\/v2\/categories?post=21873"},{"taxonomy":"post_tag","embeddable":true,"href":"https:\/\/cajamar.sp.gov.br\/noticias\/wp-json\/wp\/v2\/tags?post=21873"},{"taxonomy":"posicao","embeddable":true,"href":"https:\/\/cajamar.sp.gov.br\/noticias\/wp-json\/wp\/v2\/posicao?post=21873"}],"curies":[{"name":"wp","href":"https:\/\/api.w.org\/{rel}","templated":true}]}}