{"id":21877,"date":"2020-02-13T16:42:21","date_gmt":"2020-02-13T19:42:21","guid":{"rendered":"http:\/\/wphomologa.cijun.sp.gov.br\/STIMPREN\/2020\/02\/prefeitura-convida-a-populacao-para-audiencia-publica-de-saude\/"},"modified":"2020-02-13T16:42:21","modified_gmt":"2020-02-13T19:42:21","slug":"prefeitura-convida-a-populacao-para-audiencia-publica-de-saude-2","status":"publish","type":"post","link":"https:\/\/cajamar.sp.gov.br\/noticias\/2020\/02\/13\/prefeitura-convida-a-populacao-para-audiencia-publica-de-saude-2\/","title":{"rendered":"Prefeitura convida a popula\u00e7\u00e3o para Audi\u00eancia P\u00fablica de Sa\u00fade"},"content":{"rendered":"<!-- id:6365 -->\n\n<div class=\"wp-block-image\">\n<figure class=\"aligncenter\">\n<img decoding=\"async\" src=\"https:\/\/cajamar.sp.gov.br\/wp-content\/uploads\/arquivo\/img6365a.jpg\" \/>\n\n<\/figure>\n<\/div>\n\n\nA Prefeitura de Cajamar, atrav\u00e9s da Secretaria Municipal de Sa\u00fade, convida a popula\u00e7\u00e3o para a Audi\u00eancia P\u00fablica em que apresentar\u00e1 as contas do Terceiro Quadrimestre de 2019.\n\nEst\u00e3o convidados a participar a popula\u00e7\u00e3o em geral, sociedade de bairros, e demais organiza\u00e7\u00f5es n\u00e3o governamentais como: Clubes de Servi\u00e7os, Entidades Religiosas, e quaisquer outros segmentos representativos da popula\u00e7\u00e3o.\n \nNa ocasi\u00e3o ser\u00e3o apresentados os dados da presta\u00e7\u00e3o de contas referente ao 3\u00ba quadrimestre de 2019 (setembro a dezembro), em cumprimento as determina\u00e7\u00f5es impostas ao Atendimento a Lei Complementar 141\/2012 (art. 36), apresenta\u00e7\u00e3o fundamentada na resolu\u00e7\u00e3o 459, de 10 de outubro de 2012, que no seu art. 1 em que aprova o modelo padronizado de relat\u00f3rio quadrimestral de presta\u00e7\u00e3o de contas para munic\u00edpios e estados.\n\nA Audi\u00eancia ocorre na pr\u00f3xima sexta-feira, dia 28 de fevereiro, \u00e0s 10h, na C\u00e2mara Municipal de Cajamar, que fica na Avenida Walter Ribas de Andrade, n\u00ba 555 \u2013 Cajamar-Centro.\n\nEvento\n\nAudi\u00eancia P\u00fablica de Sa\u00fade\nAssunto: Presta\u00e7\u00e3o de contas referente ao 3\u00ba quadrimestre de 2019 (setembro a dezembro)\nData: 28\/02\/2020\nHor\u00e1rio: 10h\nLocal: C\u00e2mara Municipal de Cajamar \u2013 Avenida Walter Ribas de Andrade, n\u00ba 555 \u2013 Cajamar-Centro.\n\n<!-- galeria:6365 -->","protected":false},"excerpt":{"rendered":"<p>Secretaria de Sa\u00fade apresentar\u00e1 dados da presta\u00e7\u00e3o de contas referente ao 3\u00ba quadrimestre de 2019 (setembro a dezembro)<\/p>\n","protected":false},"author":5,"featured_media":0,"comment_status":"open","ping_status":"open","sticky":false,"template":"","format":"standard","meta":{"footnotes":""},"categories":[2],"tags":[],"posicao":[],"class_list":["post-21877","post","type-post","status-publish","format-standard","hentry","category-saude"],"_links":{"self":[{"href":"https:\/\/cajamar.sp.gov.br\/noticias\/wp-json\/wp\/v2\/posts\/21877","targetHints":{"allow":["GET"]}}],"collection":[{"href":"https:\/\/cajamar.sp.gov.br\/noticias\/wp-json\/wp\/v2\/posts"}],"about":[{"href":"https:\/\/cajamar.sp.gov.br\/noticias\/wp-json\/wp\/v2\/types\/post"}],"author":[{"embeddable":true,"href":"https:\/\/cajamar.sp.gov.br\/noticias\/wp-json\/wp\/v2\/users\/5"}],"replies":[{"embeddable":true,"href":"https:\/\/cajamar.sp.gov.br\/noticias\/wp-json\/wp\/v2\/comments?post=21877"}],"version-history":[{"count":0,"href":"https:\/\/cajamar.sp.gov.br\/noticias\/wp-json\/wp\/v2\/posts\/21877\/revisions"}],"wp:attachment":[{"href":"https:\/\/cajamar.sp.gov.br\/noticias\/wp-json\/wp\/v2\/media?parent=21877"}],"wp:term":[{"taxonomy":"category","embeddable":true,"href":"https:\/\/cajamar.sp.gov.br\/noticias\/wp-json\/wp\/v2\/categories?post=21877"},{"taxonomy":"post_tag","embeddable":true,"href":"https:\/\/cajamar.sp.gov.br\/noticias\/wp-json\/wp\/v2\/tags?post=21877"},{"taxonomy":"posicao","embeddable":true,"href":"https:\/\/cajamar.sp.gov.br\/noticias\/wp-json\/wp\/v2\/posicao?post=21877"}],"curies":[{"name":"wp","href":"https:\/\/api.w.org\/{rel}","templated":true}]}}