{"id":21885,"date":"2020-02-17T16:01:54","date_gmt":"2020-02-17T19:01:54","guid":{"rendered":"http:\/\/wphomologa.cijun.sp.gov.br\/STIMPREN\/2020\/02\/festa-do-aniversario-de-cajamar-prossegue-nesta-segunda-e-terca\/"},"modified":"2020-02-17T16:01:54","modified_gmt":"2020-02-17T19:01:54","slug":"festa-do-aniversario-de-cajamar-prossegue-nesta-segunda-e-terca","status":"publish","type":"post","link":"https:\/\/cajamar.sp.gov.br\/noticias\/2020\/02\/17\/festa-do-aniversario-de-cajamar-prossegue-nesta-segunda-e-terca\/","title":{"rendered":"Festa do Anivers\u00e1rio de Cajamar prossegue nesta segunda e ter\u00e7a"},"content":{"rendered":"<!-- id:6373 -->\n\n<div class=\"wp-block-image\">\n<figure class=\"aligncenter\">\n<img decoding=\"async\" src=\"https:\/\/cajamar.sp.gov.br\/wp-content\/uploads\/arquivo\/img6373a.jpg\" \/>\n\n<\/figure>\n<\/div>\n\n\nA programa\u00e7\u00e3o para comemora\u00e7\u00e3o do anivers\u00e1rio de 61 anos de Cajamar, continua nesta segunda-feira (17) e prossegue at\u00e9 ter\u00e7a-feira, dia 18 de fevereiro, data em que \u00e9 celebrada a emancipa\u00e7\u00e3o pol\u00edtico-administrativa da cidade.\n\nNesta segunda-feira (17), uma programa\u00e7\u00e3o especial para a popula\u00e7\u00e3o est\u00e1 sendo preparada com a \u201cNoite de B\u00ean\u00e7\u00e3os\u201d, que ter\u00e1 como atra\u00e7\u00f5es dois mega shows com a cantora Gabriela Rocha e Fernandinho, grandes nomes da m\u00fasica gospel.\n\nOs shows iniciam a partir das 20h com entrada gratuita e contar\u00e1 com arrecada\u00e7\u00e3o de macarr\u00e3o, \u00f3leo e leite em p\u00f3, alimentos que ser\u00e3o arrecadados para o Fundo Social de Solidariedade de Cajamar. \n\nNa ter\u00e7a-feira, dia 18 de fevereiro, data do anivers\u00e1rio da cidade, a prefeitura oferece \u00e0 popula\u00e7\u00e3o uma programa\u00e7\u00e3o especial. Os destaques desse dia ser\u00e3o com shows do grupo Inimigos da HP e Xand Avi\u00e3o. \n\nAl\u00e9m das grandes atra\u00e7\u00f5es no palco montado no Centro de Eventos \u2018Boi\u00f3dromo\u2019, o p\u00fablico ainda conta com pra\u00e7a de alimenta\u00e7\u00e3o, parque de divers\u00f5es e exposi\u00e7\u00f5es da feira de artesanato, com trabalhos de artes\u00e3os do munic\u00edpio. \n\nFim de Semana Movimentado\n\nAs comemora\u00e7\u00f5es dos 61 anos de Cajamar movimentaram o final de semana na cidade. No s\u00e1bado (15), o p\u00fablico acompanhou a programa\u00e7\u00e3o de eventos com shows do Gr\u00eamio Recreativo Locomotiva do Samba, da dupla Maur\u00edcio &amp; Leandro e Gil Lacerda. \n\nJ\u00e1 no domingo (16) a popula\u00e7\u00e3o prestigiou os shows do cantor Alexandre Machado &amp; Banda e Alan Fernandes. As atra\u00e7\u00f5es deste fim de semana tiveram in\u00edcio \u00e0s 20h e reuniu um grande n\u00famero de p\u00fablico. Cada banda tocou por quase duas horas e os shows do fim de semana foram apresentados por artistas da cidade que inclu\u00edram em seus repert\u00f3rios grandes sucessos do sertanejo e do forro, al\u00e9m de can\u00e7\u00f5es mais recentes como sertanejo universit\u00e1rio. \n\nConfira aqui as atividades que est\u00e3o programadas para os pr\u00f3ximos dias:\n\nSegunda &#8211; 17\/02\nShows: Noite de Ben\u00e7\u00e3os \u2013 Fernandinho e Gabriela Rocha\nHor\u00e1rio: A partir das 20h\nLocal: Estacionamento do Boi\u00f3dromo \nEntrada: Gratuita\nDoa\u00e7\u00e3o: Fa\u00e7a sua doa\u00e7\u00e3o de Macarr\u00e3o, \u00f3leo ou leite em p\u00f3. \n\nTer\u00e7a &#8211; 18\/02 \u2013 Anivers\u00e1rio de Cajamar 61 Anos\nShows: Inimigos da HP e Xand Avi\u00e3o\nHor\u00e1rio: A partir das 20h\nLocal: Estacionamento do Boi\u00f3dromo \nEntrada: Gratuita\nDoa\u00e7\u00e3o: Fa\u00e7a sua doa\u00e7\u00e3o de Macarr\u00e3o, \u00f3leo ou leite em p\u00f3.\n\n<!-- galeria:6373 -->\n\n<ul class=\"wp-block-gallery columns-2 is-cropped wp-block-gallery-1 is-layout-flex wp-block-gallery-is-layout-flex\">\n\n<li class=\"blocks-gallery-item\">\n\n<figure>\n\n<img decoding=\"async\" src=\"https:\/\/cajamar.sp.gov.br\/wp-content\/uploads\/arquivo\/img6373b.jpg\" \/>\n\n<figcaption><\/figcaption>\n\n<\/figure>\n\n<\/li>\n\n\n\n<li class=\"blocks-gallery-item\">\n\n<figure>\n\n<img decoding=\"async\" src=\"https:\/\/cajamar.sp.gov.br\/wp-content\/uploads\/arquivo\/img6373c.jpg\" \/>\n\n<figcaption><\/figcaption>\n\n<\/figure>\n\n<\/li>\n\n\n\n<li class=\"blocks-gallery-item\">\n\n<figure>\n\n<img decoding=\"async\" src=\"https:\/\/cajamar.sp.gov.br\/wp-content\/uploads\/arquivo\/img6373d.jpg\" \/>\n\n<figcaption><\/figcaption>\n\n<\/figure>\n\n<\/li>\n\n\n\n<li class=\"blocks-gallery-item\">\n\n<figure>\n\n<img decoding=\"async\" src=\"https:\/\/cajamar.sp.gov.br\/wp-content\/uploads\/arquivo\/img6373e.jpg\" \/>\n\n<figcaption><\/figcaption>\n\n<\/figure>\n\n<\/li>\n\n\n\n<li class=\"blocks-gallery-item\">\n\n<figure>\n\n<img decoding=\"async\" src=\"https:\/\/cajamar.sp.gov.br\/wp-content\/uploads\/arquivo\/img6373f.jpg\" \/>\n\n<figcaption><\/figcaption>\n\n<\/figure>\n\n<\/li>\n\n\n\n<\/ul>\n\n\n","protected":false},"excerpt":{"rendered":"<p>Para comemorar os 61 anos da cidade, a Prefeitura de Cajamar est\u00e1 com uma extensa agenda de atra\u00e7\u00f5es at\u00e9 a pr\u00f3xima ter\u00e7a-feira (18). Confira:<\/p>\n","protected":false},"author":5,"featured_media":0,"comment_status":"open","ping_status":"open","sticky":false,"template":"","format":"standard","meta":{"footnotes":""},"categories":[26],"tags":[],"posicao":[],"class_list":["post-21885","post","type-post","status-publish","format-standard","hentry","category-eventos"],"_links":{"self":[{"href":"https:\/\/cajamar.sp.gov.br\/noticias\/wp-json\/wp\/v2\/posts\/21885","targetHints":{"allow":["GET"]}}],"collection":[{"href":"https:\/\/cajamar.sp.gov.br\/noticias\/wp-json\/wp\/v2\/posts"}],"about":[{"href":"https:\/\/cajamar.sp.gov.br\/noticias\/wp-json\/wp\/v2\/types\/post"}],"author":[{"embeddable":true,"href":"https:\/\/cajamar.sp.gov.br\/noticias\/wp-json\/wp\/v2\/users\/5"}],"replies":[{"embeddable":true,"href":"https:\/\/cajamar.sp.gov.br\/noticias\/wp-json\/wp\/v2\/comments?post=21885"}],"version-history":[{"count":0,"href":"https:\/\/cajamar.sp.gov.br\/noticias\/wp-json\/wp\/v2\/posts\/21885\/revisions"}],"wp:attachment":[{"href":"https:\/\/cajamar.sp.gov.br\/noticias\/wp-json\/wp\/v2\/media?parent=21885"}],"wp:term":[{"taxonomy":"category","embeddable":true,"href":"https:\/\/cajamar.sp.gov.br\/noticias\/wp-json\/wp\/v2\/categories?post=21885"},{"taxonomy":"post_tag","embeddable":true,"href":"https:\/\/cajamar.sp.gov.br\/noticias\/wp-json\/wp\/v2\/tags?post=21885"},{"taxonomy":"posicao","embeddable":true,"href":"https:\/\/cajamar.sp.gov.br\/noticias\/wp-json\/wp\/v2\/posicao?post=21885"}],"curies":[{"name":"wp","href":"https:\/\/api.w.org\/{rel}","templated":true}]}}