{"id":21886,"date":"2020-02-17T16:28:20","date_gmt":"2020-02-17T19:28:20","guid":{"rendered":"http:\/\/wphomologa.cijun.sp.gov.br\/STIMPREN\/2020\/02\/cajamar-prepara-bolo-de-aniversario-de-61-metros-pela-primeira-vez\/"},"modified":"2020-02-17T16:28:20","modified_gmt":"2020-02-17T19:28:20","slug":"cajamar-prepara-bolo-de-aniversario-de-61-metros-pela-primeira-vez","status":"publish","type":"post","link":"https:\/\/cajamar.sp.gov.br\/noticias\/2020\/02\/17\/cajamar-prepara-bolo-de-aniversario-de-61-metros-pela-primeira-vez\/","title":{"rendered":"Cajamar prepara bolo de anivers\u00e1rio de 61 metros pela primeira vez"},"content":{"rendered":"<!-- id:6374 -->\n\n<div class=\"wp-block-image\">\n<figure class=\"aligncenter\">\n<img decoding=\"async\" src=\"https:\/\/cajamar.sp.gov.br\/wp-content\/uploads\/arquivo\/img6374a.jpg\" \/>\n\n<\/figure>\n<\/div>\n\n\nPela primeira vez na hist\u00f3ria de Cajamar, o Fundo Social de Solidariedade est\u00e1 preparando um grande bolo para festejar este dia especial onde a cidade vai completar 61 anos anos de emancipa\u00e7\u00e3o pol\u00edtico-administrativa. O bolo de anivers\u00e1rio de Cajamar foi idealizado pelo Fundo Social de Solidariedade e est\u00e1 em produ\u00e7\u00e3o na Padaria Artesanal, com a colabora\u00e7\u00e3o de uma equipe de dezenas de volunt\u00e1rios, muitos deles ex-alunos dos cursos de confeitaria realizados pelo pr\u00f3prio Fundo Social.\n\nPara representar os 61 anos de Cajamar, o bolo ter\u00e1 61 metros de extens\u00e3o e ser\u00e1 entregue para toda a popula\u00e7\u00e3o que estiver participando da festa nesta ter\u00e7a-feira (18), dia em que se comemora o anivers\u00e1rio da cidade e feriado municipal. \n\nO bolo ser\u00e1 servido para a comunidade antes do show de encerramento das festividades, com a participa\u00e7\u00e3o especial do grupo Inimigos da HP e o cantor Xand Avi\u00e3o. A distribui\u00e7\u00e3o ser\u00e1 feita com a colabora\u00e7\u00e3o dos secret\u00e1rios municipais da Prefeitura de Cajamar, a partir das 18 horas, no estacionamento do Boi\u00f3dromo, em Jordan\u00e9sia.\n\nParticipe deste momento \u00fanico que ser\u00e1 vivenciado pela fam\u00edlia cajamarense, simbolizando o encerramento desses quatro dias de festa com muitos shows, parque de divers\u00f5es e pra\u00e7a de alimenta\u00e7\u00e3o, que est\u00e1 proporcionando momentos de alegria para toda a popula\u00e7\u00e3o de Cajamar.\n\nAnivers\u00e1rio de Cajamar 61 anos\nData: 18 de fevereiro de 2020\nHor\u00e1rio: 18h\nLocal: Estacionamento do Boi\u00f3dromo\n\n<!-- galeria:6374 -->\n\n<ul class=\"wp-block-gallery columns-2 is-cropped wp-block-gallery-1 is-layout-flex wp-block-gallery-is-layout-flex\">\n\n<li class=\"blocks-gallery-item\">\n\n<figure>\n\n<img decoding=\"async\" src=\"https:\/\/cajamar.sp.gov.br\/wp-content\/uploads\/arquivo\/img6374b.jpg\" \/>\n\n<figcaption><\/figcaption>\n\n<\/figure>\n\n<\/li>\n\n\n\n<li class=\"blocks-gallery-item\">\n\n<figure>\n\n<img decoding=\"async\" src=\"https:\/\/cajamar.sp.gov.br\/wp-content\/uploads\/arquivo\/img6374c.jpg\" \/>\n\n<figcaption><\/figcaption>\n\n<\/figure>\n\n<\/li>\n\n\n\n<li class=\"blocks-gallery-item\">\n\n<figure>\n\n<img decoding=\"async\" src=\"https:\/\/cajamar.sp.gov.br\/wp-content\/uploads\/arquivo\/img6374d.jpg\" \/>\n\n<figcaption><\/figcaption>\n\n<\/figure>\n\n<\/li>\n\n\n\n<li class=\"blocks-gallery-item\">\n\n<figure>\n\n<img decoding=\"async\" src=\"https:\/\/cajamar.sp.gov.br\/wp-content\/uploads\/arquivo\/img6374e.jpg\" \/>\n\n<figcaption><\/figcaption>\n\n<\/figure>\n\n<\/li>\n\n\n\n<\/ul>\n\n\n","protected":false},"excerpt":{"rendered":"<p>Para representar os 61 anos da cidade o bolo ter\u00e1 61 metros de extens\u00e3o e est\u00e1 sendo produzido pelo Fundo Social de Solidariedade de Cajamar.<\/p>\n","protected":false},"author":5,"featured_media":0,"comment_status":"open","ping_status":"open","sticky":false,"template":"","format":"standard","meta":{"footnotes":""},"categories":[26],"tags":[],"posicao":[],"class_list":["post-21886","post","type-post","status-publish","format-standard","hentry","category-eventos"],"_links":{"self":[{"href":"https:\/\/cajamar.sp.gov.br\/noticias\/wp-json\/wp\/v2\/posts\/21886","targetHints":{"allow":["GET"]}}],"collection":[{"href":"https:\/\/cajamar.sp.gov.br\/noticias\/wp-json\/wp\/v2\/posts"}],"about":[{"href":"https:\/\/cajamar.sp.gov.br\/noticias\/wp-json\/wp\/v2\/types\/post"}],"author":[{"embeddable":true,"href":"https:\/\/cajamar.sp.gov.br\/noticias\/wp-json\/wp\/v2\/users\/5"}],"replies":[{"embeddable":true,"href":"https:\/\/cajamar.sp.gov.br\/noticias\/wp-json\/wp\/v2\/comments?post=21886"}],"version-history":[{"count":0,"href":"https:\/\/cajamar.sp.gov.br\/noticias\/wp-json\/wp\/v2\/posts\/21886\/revisions"}],"wp:attachment":[{"href":"https:\/\/cajamar.sp.gov.br\/noticias\/wp-json\/wp\/v2\/media?parent=21886"}],"wp:term":[{"taxonomy":"category","embeddable":true,"href":"https:\/\/cajamar.sp.gov.br\/noticias\/wp-json\/wp\/v2\/categories?post=21886"},{"taxonomy":"post_tag","embeddable":true,"href":"https:\/\/cajamar.sp.gov.br\/noticias\/wp-json\/wp\/v2\/tags?post=21886"},{"taxonomy":"posicao","embeddable":true,"href":"https:\/\/cajamar.sp.gov.br\/noticias\/wp-json\/wp\/v2\/posicao?post=21886"}],"curies":[{"name":"wp","href":"https:\/\/api.w.org\/{rel}","templated":true}]}}