{"id":21898,"date":"2020-02-28T16:50:10","date_gmt":"2020-02-28T19:50:10","guid":{"rendered":"http:\/\/wphomologa.cijun.sp.gov.br\/STIMPREN\/2020\/02\/prefeitura-reforca-cuidados-contra-o-coronavirus\/"},"modified":"2020-02-28T16:50:10","modified_gmt":"2020-02-28T19:50:10","slug":"prefeitura-reforca-cuidados-contra-o-coronavirus","status":"publish","type":"post","link":"https:\/\/cajamar.sp.gov.br\/noticias\/2020\/02\/28\/prefeitura-reforca-cuidados-contra-o-coronavirus\/","title":{"rendered":"Prefeitura refor\u00e7a cuidados contra o coronav\u00edrus"},"content":{"rendered":"<!-- id:6386 -->\n\n<div class=\"wp-block-image\">\n<figure class=\"aligncenter\">\n<img decoding=\"async\" src=\"https:\/\/cajamar.sp.gov.br\/wp-content\/uploads\/arquivo\/img6386a.jpg\" \/>\n\n<\/figure>\n<\/div>\n\n\nA Secretaria Municipal de Sa\u00fade de Cajamar, por meio da Divis\u00e3o de Vigil\u00e2ncia Epidemiol\u00f3gica, est\u00e1 alerta aos casos de pessoas com sintomatologia respirat\u00f3ria do coronav\u00edrus e que apresentam hist\u00f3rico de viagens para \u00e1reas de transmiss\u00e3o local nos \u00faltimos 14 dias.\n\nEm Cajamar, n\u00e3o h\u00e1 registro de casos, nem mesmo suspeitos. De acordo com as orienta\u00e7\u00f5es recebidas pelo Minist\u00e9rio da Sa\u00fade e Secretaria de Estado da Sa\u00fade, o momento \u00e9 de serenidade.\n\nA Secretaria Municipal de Sa\u00fade refor\u00e7a que seja mantida a calma, e que caso o indiv\u00edduo atenda aos crit\u00e9rios de suspeita, procure o servi\u00e7o de sa\u00fade mais pr\u00f3ximo de sua resid\u00eancia. \n\nA Divis\u00e3o de Vigil\u00e2ncia Epidemiol\u00f3gica do munic\u00edpio est\u00e1 em contato direto com o Grupo de Vigil\u00e2ncia Epidemiol\u00f3gica &#8211; GVE IX da Secretaria Estadual da Sa\u00fade, e em constante intera\u00e7\u00e3o com os \u00f3rg\u00e3os oficiais, para garantir a permanente atua\u00e7\u00e3o em vigil\u00e2ncia preventiva nos equipamentos de sa\u00fade p\u00fablicos ou particulares no munic\u00edpio.\n\n\u201cN\u00e3o temos nenhum caso suspeito ou confirmado da doen\u00e7a na cidade, s\u00e3o apenas casos suspeitos na regi\u00e3o que est\u00e3o sendo acompanhados e n\u00e3o apresentam maior gravidade at\u00e9 o momento. O mais importante que precisamos ressaltar s\u00e3o os cuidados que todos devem tomar. S\u00e3o a\u00e7\u00f5es simples de higiene, como lavar as m\u00e3os frequentemente, proteger a boca com um pano ou o antebra\u00e7o sempre que tossir ou espirrar e evitar grandes conglomerados. Vale lembrar que essas atitudes n\u00e3o s\u00e3o apenas para o coronav\u00edrus, mas para qualquer v\u00edrus respirat\u00f3rio\u201d, explicou o gestor de Departamento da Vigil\u00e2ncia em Sa\u00fade, Francisco Nunes. \n\nCORONAV\u00cdRUS\nSegundo a Organiza\u00e7\u00e3o Mundial de Sa\u00fade (OMS), a maioria dos infectados com o novo coronav\u00edrus desenvolve sintomas semelhantes aos da gripe e cerca de 20% progride para doen\u00e7as mais graves, como pneumonia e insufici\u00eancia respirat\u00f3ria. As investiga\u00e7\u00f5es sobre o novo v\u00edrus ainda est\u00e3o em andamento, mas a transmiss\u00e3o costuma ocorrer pelo ar ou por contato pessoal com secre\u00e7\u00f5es contaminadas, como: espirro, tosse, got\u00edculas de saliva, contato pessoal pr\u00f3ximo ou por objetos ou superf\u00edcies contaminadas.\n \nQUAIS CUIDADOS\nCobrir a boca e nariz ao tossir ou espirrar;\nUtilizar len\u00e7o descart\u00e1vel para higiene nasal;\nEvitar tocar mucosas de olhos, nariz e boca;\nN\u00e3o compartilhar objetos de uso pessoal;\nLimpar regularmente o ambiente e mant\u00ea-lo ventilado;\nLavar as m\u00e3os por pelo menos 20 segundos com \u00e1gua e sab\u00e3o ou usar antiss\u00e9ptico de m\u00e3os \u00e0 base de \u00e1lcool;\nDeslocamentos n\u00e3o devem ser realizados enquanto a pessoa estiver doente;\nQuem for viajar aos locais com circula\u00e7\u00e3o do v\u00edrus deve evitar contato com pessoas doentes, animais (vivos ou mortos), e a circula\u00e7\u00e3o em mercados de animais e seus produtos.\n\n<!-- galeria:6386 -->","protected":false},"excerpt":{"rendered":"<p>Em Cajamar, n\u00e3o h\u00e1 registro de casos, nem mesmo suspeitos.<\/p>\n","protected":false},"author":5,"featured_media":0,"comment_status":"open","ping_status":"open","sticky":false,"template":"","format":"standard","meta":{"footnotes":""},"categories":[2],"tags":[],"posicao":[],"class_list":["post-21898","post","type-post","status-publish","format-standard","hentry","category-saude"],"_links":{"self":[{"href":"https:\/\/cajamar.sp.gov.br\/noticias\/wp-json\/wp\/v2\/posts\/21898","targetHints":{"allow":["GET"]}}],"collection":[{"href":"https:\/\/cajamar.sp.gov.br\/noticias\/wp-json\/wp\/v2\/posts"}],"about":[{"href":"https:\/\/cajamar.sp.gov.br\/noticias\/wp-json\/wp\/v2\/types\/post"}],"author":[{"embeddable":true,"href":"https:\/\/cajamar.sp.gov.br\/noticias\/wp-json\/wp\/v2\/users\/5"}],"replies":[{"embeddable":true,"href":"https:\/\/cajamar.sp.gov.br\/noticias\/wp-json\/wp\/v2\/comments?post=21898"}],"version-history":[{"count":0,"href":"https:\/\/cajamar.sp.gov.br\/noticias\/wp-json\/wp\/v2\/posts\/21898\/revisions"}],"wp:attachment":[{"href":"https:\/\/cajamar.sp.gov.br\/noticias\/wp-json\/wp\/v2\/media?parent=21898"}],"wp:term":[{"taxonomy":"category","embeddable":true,"href":"https:\/\/cajamar.sp.gov.br\/noticias\/wp-json\/wp\/v2\/categories?post=21898"},{"taxonomy":"post_tag","embeddable":true,"href":"https:\/\/cajamar.sp.gov.br\/noticias\/wp-json\/wp\/v2\/tags?post=21898"},{"taxonomy":"posicao","embeddable":true,"href":"https:\/\/cajamar.sp.gov.br\/noticias\/wp-json\/wp\/v2\/posicao?post=21898"}],"curies":[{"name":"wp","href":"https:\/\/api.w.org\/{rel}","templated":true}]}}