{"id":21901,"date":"2020-03-02T16:30:12","date_gmt":"2020-03-02T19:30:12","guid":{"rendered":"http:\/\/wphomologa.cijun.sp.gov.br\/STIMPREN\/2020\/03\/campanha-de-vacinacao-contra-o-sarampo-e-realizada-ate-13-de-marco\/"},"modified":"2020-03-02T16:30:12","modified_gmt":"2020-03-02T19:30:12","slug":"campanha-de-vacinacao-contra-o-sarampo-e-realizada-ate-13-de-marco","status":"publish","type":"post","link":"https:\/\/cajamar.sp.gov.br\/noticias\/2020\/03\/02\/campanha-de-vacinacao-contra-o-sarampo-e-realizada-ate-13-de-marco\/","title":{"rendered":"Campanha de vacina\u00e7\u00e3o contra o sarampo \u00e9 realizada at\u00e9 13 de mar\u00e7o"},"content":{"rendered":"<!-- id:6389 -->\n\n<div class=\"wp-block-image\">\n<figure class=\"aligncenter\">\n<img decoding=\"async\" src=\"https:\/\/cajamar.sp.gov.br\/wp-content\/uploads\/arquivo\/img6389a.jpg\" \/>\n\n<\/figure>\n<\/div>\n\n\nCom o objetivo de colocar as vacinas dos moradores em dia, a Secretaria Municipal de Sa\u00fade de Cajamar deu continuidade \u00e0 1.\u00aa etapa da campanha de vacina\u00e7\u00e3o contra o sarampo. A a\u00e7\u00e3o acontece at\u00e9 13 de mar\u00e7o.\n\nA vacina tr\u00edplice viral protege contra sarampo, rub\u00e9ola e caxumba. \u00c9 importante comparecer aos postos de sa\u00fade com a carteirinha de vacina\u00e7\u00e3o, para que um profissional verifique a necessidade de aplica\u00e7\u00e3o da dose.\n\nO calend\u00e1rio nacional de vacina\u00e7\u00e3o prev\u00ea a aplica\u00e7\u00e3o da tr\u00edplice aos 12 meses e tamb\u00e9m aos 15 meses para refor\u00e7o da imuniza\u00e7\u00e3o com a tetraviral, que protege tamb\u00e9m contra varicela. Para os beb\u00eas com 6 meses tamb\u00e9m devem receber a chamada \u201cdose zero\u201d, que n\u00e3o \u00e9 contabilizada no calend\u00e1rio.\n\n\u201c\u00c9 de extrema import\u00e2ncia o comparecimento para atualiza\u00e7\u00e3o da carteira de vacina\u00e7\u00e3o. Al\u00e9m de evitar diversas doen\u00e7as, contribui para qualidade de vida de todos\u201d, afirma o gestor de Departamento da Vigil\u00e2ncia em Sa\u00fade, Francisco Nunes\n\nA vacina \u00e9 contraindicada para beb\u00eas com menos de 6 meses. A recomenda\u00e7\u00e3o para os pais e respons\u00e1veis por crian\u00e7as nessa faixa et\u00e1ria \u00e9 evitar exposi\u00e7\u00e3o a aglomera\u00e7\u00f5es, manter higieniza\u00e7\u00e3o, ventila\u00e7\u00e3o adequada de ambientes, e sobretudo, que procurem imediatamente um servi\u00e7o de sa\u00fade diante de qualquer sintoma da doen\u00e7a, como manchas vermelhas pelo corpo, febre, coriza, conjuntivite, manchas brancas na mucosa bucal. Somente um profissional de sa\u00fade poder\u00e1 avaliar e dar as recomenda\u00e7\u00f5es necess\u00e1rias.\n\n<!-- galeria:6389 -->\n\n<ul class=\"wp-block-gallery columns-2 is-cropped wp-block-gallery-1 is-layout-flex wp-block-gallery-is-layout-flex\">\n\n<li class=\"blocks-gallery-item\">\n\n<figure>\n\n<img decoding=\"async\" src=\"https:\/\/cajamar.sp.gov.br\/wp-content\/uploads\/arquivo\/img6389b.jpg\" \/>\n\n<figcaption><\/figcaption>\n\n<\/figure>\n\n<\/li>\n\n\n\n<li class=\"blocks-gallery-item\">\n\n<figure>\n\n<img decoding=\"async\" src=\"https:\/\/cajamar.sp.gov.br\/wp-content\/uploads\/arquivo\/img6389c.jpg\" \/>\n\n<figcaption><\/figcaption>\n\n<\/figure>\n\n<\/li>\n\n\n\n<li class=\"blocks-gallery-item\">\n\n<figure>\n\n<img decoding=\"async\" src=\"https:\/\/cajamar.sp.gov.br\/wp-content\/uploads\/arquivo\/img6389d.jpg\" \/>\n\n<figcaption><\/figcaption>\n\n<\/figure>\n\n<\/li>\n\n\n\n<\/ul>\n\n\n","protected":false},"excerpt":{"rendered":"<p>A vacina \u00e9 contraindicada para beb\u00eas com menos de 6 meses<\/p>\n","protected":false},"author":5,"featured_media":0,"comment_status":"open","ping_status":"open","sticky":false,"template":"","format":"standard","meta":{"footnotes":""},"categories":[2],"tags":[],"posicao":[],"class_list":["post-21901","post","type-post","status-publish","format-standard","hentry","category-saude"],"_links":{"self":[{"href":"https:\/\/cajamar.sp.gov.br\/noticias\/wp-json\/wp\/v2\/posts\/21901","targetHints":{"allow":["GET"]}}],"collection":[{"href":"https:\/\/cajamar.sp.gov.br\/noticias\/wp-json\/wp\/v2\/posts"}],"about":[{"href":"https:\/\/cajamar.sp.gov.br\/noticias\/wp-json\/wp\/v2\/types\/post"}],"author":[{"embeddable":true,"href":"https:\/\/cajamar.sp.gov.br\/noticias\/wp-json\/wp\/v2\/users\/5"}],"replies":[{"embeddable":true,"href":"https:\/\/cajamar.sp.gov.br\/noticias\/wp-json\/wp\/v2\/comments?post=21901"}],"version-history":[{"count":0,"href":"https:\/\/cajamar.sp.gov.br\/noticias\/wp-json\/wp\/v2\/posts\/21901\/revisions"}],"wp:attachment":[{"href":"https:\/\/cajamar.sp.gov.br\/noticias\/wp-json\/wp\/v2\/media?parent=21901"}],"wp:term":[{"taxonomy":"category","embeddable":true,"href":"https:\/\/cajamar.sp.gov.br\/noticias\/wp-json\/wp\/v2\/categories?post=21901"},{"taxonomy":"post_tag","embeddable":true,"href":"https:\/\/cajamar.sp.gov.br\/noticias\/wp-json\/wp\/v2\/tags?post=21901"},{"taxonomy":"posicao","embeddable":true,"href":"https:\/\/cajamar.sp.gov.br\/noticias\/wp-json\/wp\/v2\/posicao?post=21901"}],"curies":[{"name":"wp","href":"https:\/\/api.w.org\/{rel}","templated":true}]}}