{"id":21906,"date":"2020-03-04T15:35:06","date_gmt":"2020-03-04T18:35:06","guid":{"rendered":"http:\/\/wphomologa.cijun.sp.gov.br\/STIMPREN\/2020\/03\/prefeitura-esta-finalizando-a-reforma-da-emeb-arnaldo-correa-no-ponunduva\/"},"modified":"2020-03-04T15:35:06","modified_gmt":"2020-03-04T18:35:06","slug":"prefeitura-esta-finalizando-a-reforma-da-emeb-arnaldo-correa-no-ponunduva","status":"publish","type":"post","link":"https:\/\/cajamar.sp.gov.br\/noticias\/2020\/03\/04\/prefeitura-esta-finalizando-a-reforma-da-emeb-arnaldo-correa-no-ponunduva\/","title":{"rendered":"Prefeitura est\u00e1 finalizando a reforma da EMEB Arnaldo Correa, no Ponunduva"},"content":{"rendered":"<!-- id:6394 -->\n\n<div class=\"wp-block-image\">\n<figure class=\"aligncenter\">\n<img decoding=\"async\" src=\"https:\/\/cajamar.sp.gov.br\/wp-content\/uploads\/arquivo\/img6394a.jpg\" \/>\n\n<\/figure>\n<\/div>\n\n\nNa pr\u00f3xima semana a EMEB Arnaldo Correa da Silveira, no bairro Ponunduva, que estava fechada h\u00e1 quase cinco anos, ser\u00e1 reinaugurada. A cerim\u00f4nia de reinaugura\u00e7\u00e3o acontecer\u00e1 na segunda-feira (09), \u00e0s 16h. A escola foi totalmente reformada nos padr\u00f5es do Col\u00e9gio do Futuro, e agora conta com um ambiente completo e diferenciado para atender as crian\u00e7as do bairro.\n\nNos \u00faltimos meses a Prefeitura de Cajamar realizou o servi\u00e7o de manuten\u00e7\u00e3o e reforma em diversas unidades escolares da Rede Municipal, inclusive algumas que estavam abandonadas e fechadas, sem condi\u00e7\u00f5es de receber alunos, com o intuito de ampliar com mais agilidade as vagas nas escolas do munic\u00edpio. No total, 14 unidades receberam manuten\u00e7\u00f5es completas, duas foram inauguradas e 1 reinaugurada e reativada. \n\nA Escola Municipal Arnaldo Correa da Silveira passou por um per\u00edodo de reformas e j\u00e1 est\u00e1 pronta para ser entregue. &#8220;Essa semana foi conclu\u00edda a pintura da quadra, a cobertura que estava bem danificada foi trocada por uma nova e estamos conferindo os detalhes finais como a adequa\u00e7\u00e3o do parque\u201d, informou o secret\u00e1rio Prof. Dr. R\u00e9gis de Souza.\n\nAs manuten\u00e7\u00f5es aconteceram durante o per\u00edodo de recesso deste ano (dezembro de 2019 e janeiro de 2020). As salas foram reformadas e as crian\u00e7as j\u00e1 conseguiram iniciar o ano letivo de 2020 estudando na unidade. Essa semana as equipes est\u00e3o finalizando a manuten\u00e7\u00e3o completa da \u00e1rea externa que ser\u00e1 totalmente conclu\u00edda antes da reinaugura\u00e7\u00e3o. \n\n\u201cA Escola estava fechada desde 2015, quando as crian\u00e7as passaram a estudar na EMEB Demetrio Rodrigues Pontes. Agora estamos retornando com 207 alunos do 1\u00ba ao 5\u00ba ano do Ensino Fundamental, al\u00e9m de 27 alunos que comp\u00f5e uma classe da Fase V que estavam na EMEB Franceli de F\u00e1tima Misse do Nascimento e este ano tamb\u00e9m far\u00e3o parte da nossa escola\u201d, explicou a diretora da unidade Mar\u00edlia.\n\nEvento de Reinaugura\u00e7\u00e3o\n\n&#8220;EMEB Arnaldo Correa da Silveira&#8221;\nData: 09 de mar\u00e7o | segunda-feira\nHor\u00e1rio: 16h\nLocal: Estrada Francisco Misse, 51, bairro Ponunduva\n\n<!-- galeria:6394 -->\n\n<ul class=\"wp-block-gallery columns-2 is-cropped wp-block-gallery-1 is-layout-flex wp-block-gallery-is-layout-flex\">\n\n<li class=\"blocks-gallery-item\">\n\n<figure>\n\n<img decoding=\"async\" src=\"https:\/\/cajamar.sp.gov.br\/wp-content\/uploads\/arquivo\/img6394b.jpg\" \/>\n\n<figcaption><\/figcaption>\n\n<\/figure>\n\n<\/li>\n\n\n\n<li class=\"blocks-gallery-item\">\n\n<figure>\n\n<img decoding=\"async\" src=\"https:\/\/cajamar.sp.gov.br\/wp-content\/uploads\/arquivo\/img6394c.jpg\" \/>\n\n<figcaption><\/figcaption>\n\n<\/figure>\n\n<\/li>\n\n\n\n<li class=\"blocks-gallery-item\">\n\n<figure>\n\n<img decoding=\"async\" src=\"https:\/\/cajamar.sp.gov.br\/wp-content\/uploads\/arquivo\/img6394d.jpg\" \/>\n\n<figcaption><\/figcaption>\n\n<\/figure>\n\n<\/li>\n\n\n\n<li class=\"blocks-gallery-item\">\n\n<figure>\n\n<img decoding=\"async\" src=\"https:\/\/cajamar.sp.gov.br\/wp-content\/uploads\/arquivo\/img6394e.jpg\" \/>\n\n<figcaption><\/figcaption>\n\n<\/figure>\n\n<\/li>\n\n\n\n<li class=\"blocks-gallery-item\">\n\n<figure>\n\n<img decoding=\"async\" src=\"https:\/\/cajamar.sp.gov.br\/wp-content\/uploads\/arquivo\/img6394f.jpg\" \/>\n\n<figcaption><\/figcaption>\n\n<\/figure>\n\n<\/li>\n\n\n\n<\/ul>\n\n\n","protected":false},"excerpt":{"rendered":"<p>A escola estava fechada a quase cinco anos, foi revitalizada e ser\u00e1 reinaugurada nos padr\u00f5es do Col\u00e9gio do Futuro na pr\u00f3xima segunda-feira (09).<\/p>\n","protected":false},"author":5,"featured_media":0,"comment_status":"open","ping_status":"open","sticky":false,"template":"","format":"standard","meta":{"footnotes":""},"categories":[8],"tags":[],"posicao":[],"class_list":["post-21906","post","type-post","status-publish","format-standard","hentry","category-educacao"],"_links":{"self":[{"href":"https:\/\/cajamar.sp.gov.br\/noticias\/wp-json\/wp\/v2\/posts\/21906","targetHints":{"allow":["GET"]}}],"collection":[{"href":"https:\/\/cajamar.sp.gov.br\/noticias\/wp-json\/wp\/v2\/posts"}],"about":[{"href":"https:\/\/cajamar.sp.gov.br\/noticias\/wp-json\/wp\/v2\/types\/post"}],"author":[{"embeddable":true,"href":"https:\/\/cajamar.sp.gov.br\/noticias\/wp-json\/wp\/v2\/users\/5"}],"replies":[{"embeddable":true,"href":"https:\/\/cajamar.sp.gov.br\/noticias\/wp-json\/wp\/v2\/comments?post=21906"}],"version-history":[{"count":0,"href":"https:\/\/cajamar.sp.gov.br\/noticias\/wp-json\/wp\/v2\/posts\/21906\/revisions"}],"wp:attachment":[{"href":"https:\/\/cajamar.sp.gov.br\/noticias\/wp-json\/wp\/v2\/media?parent=21906"}],"wp:term":[{"taxonomy":"category","embeddable":true,"href":"https:\/\/cajamar.sp.gov.br\/noticias\/wp-json\/wp\/v2\/categories?post=21906"},{"taxonomy":"post_tag","embeddable":true,"href":"https:\/\/cajamar.sp.gov.br\/noticias\/wp-json\/wp\/v2\/tags?post=21906"},{"taxonomy":"posicao","embeddable":true,"href":"https:\/\/cajamar.sp.gov.br\/noticias\/wp-json\/wp\/v2\/posicao?post=21906"}],"curies":[{"name":"wp","href":"https:\/\/api.w.org\/{rel}","templated":true}]}}