{"id":22363,"date":"2020-03-22T22:20:18","date_gmt":"2020-03-23T01:20:18","guid":{"rendered":"https:\/\/cajamar.sp.gov.br\/noticias\/?p=22363"},"modified":"2020-03-23T02:13:42","modified_gmt":"2020-03-23T05:13:42","slug":"vacinacao-contra-influenza-h1n1-tem-inicio-nesta-segunda-feira-23","status":"publish","type":"post","link":"https:\/\/cajamar.sp.gov.br\/noticias\/2020\/03\/22\/vacinacao-contra-influenza-h1n1-tem-inicio-nesta-segunda-feira-23\/","title":{"rendered":"Vacina\u00e7\u00e3o contra Influenza H1N1 tem in\u00edcio nesta segunda-feira (23)"},"content":{"rendered":"\n<figure class=\"wp-block-image\"><img fetchpriority=\"high\" decoding=\"async\" width=\"1200\" height=\"627\" src=\"https:\/\/cajamar.sp.gov.br\/noticias\/wp-content\/uploads\/sites\/2\/2020\/03\/img6427a-1.jpg\" alt=\"\" class=\"wp-image-22364\" srcset=\"https:\/\/cajamar.sp.gov.br\/noticias\/wp-content\/uploads\/sites\/2\/2020\/03\/img6427a-1.jpg 1200w, https:\/\/cajamar.sp.gov.br\/noticias\/wp-content\/uploads\/sites\/2\/2020\/03\/img6427a-1-768x401.jpg 768w\" sizes=\"(max-width: 1200px) 100vw, 1200px\" \/><\/figure>\n\n\n\n<p>\n\nNesta segunda-feira (23), a Prefeitura de Cajamar, por meio da Secretaria de Sa\u00fade e por determina\u00e7\u00e3o do Minist\u00e9rio da Sa\u00fade, vai iniciar a Campanha Nacional de Vacina\u00e7\u00e3o contra a Gripe (Influenza \u2013 H1N1). Nesta primeira etapa, os grupos priorit\u00e1rios s\u00e3o idosos (acima de 60 anos) e trabalhadores da \u00e1rea da Sa\u00fade.<\/p>\n\n\n\n<p>A campanha de vacina\u00e7\u00e3o de 2020 foi antecipada para imunizar os idosos como medida preventiva para combater o v\u00edrus da gripe comum, para as pessoas consideradas no grupo de risco em rela\u00e7\u00e3o ao novo coronav\u00edrus (COVID-19). A vacina da influenza n\u00e3o tem efic\u00e1cia contra o novo coronav\u00edrus, no entanto, ajuda combater alguns sintomas iguais e ir\u00e1 auxiliar os profissionais de sa\u00fade na exclus\u00e3o do diagn\u00f3stico para coronav\u00edrus. A vacina contra o COVID-19 ainda est\u00e1 em estudo.<\/p>\n\n\n\n<p>Para que a Campanha aconte\u00e7a sem gerar grandes aglomera\u00e7\u00f5es, a Secretaria de Sa\u00fade definiu como polos de atendimentos locais que tenham ambiente abertos. Contudo, \u00e9 importante ressaltar que ser\u00e1 permitido a entrada de somente 01 acompanhante, caso a pessoa a ser vacinada necessite de aux\u00edlio para ir at\u00e9 o local.<\/p>\n\n\n\n<p>Confira os polos de atendimento e encaminhe at\u00e9 o mais pr\u00f3ximo de sua resid\u00eancia de segunda a sexta-feira, das 8h \u00e0s 16h:<\/p>\n\n\n\n<p>&#8211; EMEB Guilhermina do Couto Oliveira<br>Rua Vila Nova, 446 \u2013 Km. 43 \u2013 S\u00e3o Benedito<\/p>\n\n\n\n<p>&#8211; EMEB Prof\u00b0 Maria de Lourdes Mattar<br>Rua Jos\u00e9 Rangel de Mesquita, 405 \u2013 Polvilho<\/p>\n\n\n\n<p>&#8211; EMEB Prof\u00b0 Franceli de F\u00e1tima Miss\u00e9 Nascimento<br>Rua Jos\u00e9 Rodrigues Pontes, 201 \u2013 Ponunduva<\/p>\n\n\n\n<p>&#8211; Gin\u00e1sio de Esportes de Cajamar Centro<br>Avenida Prof\u00b0. Walter Ribas de Andrade, 1284 &#8211; Centro<\/p>\n\n\n\n<p>&#8211; Gin\u00e1sio Jordan\u00e9sia<br>Avenida Dr. Ant\u00f4nio Jo\u00e3o Abdalla, 850 &#8211; Jordan\u00e9sia<\/p>\n\n\n\n<p>&#8211; Carreta da Sa\u00fade<br>Avenida Tenente Marques (em frente \u00e0 Pra\u00e7a da B\u00edblia) &#8211; Polvilho<\/p>\n\n\n\n<p>&#8211; Academia de Sa\u00fade<br>Avenida Dr. Jos\u00e9 Luiz Leme Maciel, 179 \u2013 Parque S\u00e3o Roberto\n\n<\/p>\n","protected":false},"excerpt":{"rendered":"<p>Nesta primeira etapa, o grupo priorit\u00e1rio s\u00e3o pessoas acima de 60 anos e trabalhadores da sa\u00fade. Em abril haver\u00e1 mais duas etapas com datas e p\u00fablicos diferentes.<\/p>\n","protected":false},"author":7,"featured_media":22364,"comment_status":"closed","ping_status":"closed","sticky":false,"template":"","format":"standard","meta":{"footnotes":""},"categories":[2],"tags":[],"posicao":[28],"class_list":["post-22363","post","type-post","status-publish","format-standard","has-post-thumbnail","hentry","category-saude","posicao-destaque"],"_links":{"self":[{"href":"https:\/\/cajamar.sp.gov.br\/noticias\/wp-json\/wp\/v2\/posts\/22363","targetHints":{"allow":["GET"]}}],"collection":[{"href":"https:\/\/cajamar.sp.gov.br\/noticias\/wp-json\/wp\/v2\/posts"}],"about":[{"href":"https:\/\/cajamar.sp.gov.br\/noticias\/wp-json\/wp\/v2\/types\/post"}],"author":[{"embeddable":true,"href":"https:\/\/cajamar.sp.gov.br\/noticias\/wp-json\/wp\/v2\/users\/7"}],"replies":[{"embeddable":true,"href":"https:\/\/cajamar.sp.gov.br\/noticias\/wp-json\/wp\/v2\/comments?post=22363"}],"version-history":[{"count":2,"href":"https:\/\/cajamar.sp.gov.br\/noticias\/wp-json\/wp\/v2\/posts\/22363\/revisions"}],"predecessor-version":[{"id":22366,"href":"https:\/\/cajamar.sp.gov.br\/noticias\/wp-json\/wp\/v2\/posts\/22363\/revisions\/22366"}],"wp:featuredmedia":[{"embeddable":true,"href":"https:\/\/cajamar.sp.gov.br\/noticias\/wp-json\/wp\/v2\/media\/22364"}],"wp:attachment":[{"href":"https:\/\/cajamar.sp.gov.br\/noticias\/wp-json\/wp\/v2\/media?parent=22363"}],"wp:term":[{"taxonomy":"category","embeddable":true,"href":"https:\/\/cajamar.sp.gov.br\/noticias\/wp-json\/wp\/v2\/categories?post=22363"},{"taxonomy":"post_tag","embeddable":true,"href":"https:\/\/cajamar.sp.gov.br\/noticias\/wp-json\/wp\/v2\/tags?post=22363"},{"taxonomy":"posicao","embeddable":true,"href":"https:\/\/cajamar.sp.gov.br\/noticias\/wp-json\/wp\/v2\/posicao?post=22363"}],"curies":[{"name":"wp","href":"https:\/\/api.w.org\/{rel}","templated":true}]}}