{"id":22388,"date":"2020-03-24T12:46:36","date_gmt":"2020-03-24T15:46:36","guid":{"rendered":"https:\/\/cajamar.sp.gov.br\/noticias\/?p=22388"},"modified":"2020-03-24T14:19:40","modified_gmt":"2020-03-24T17:19:40","slug":"coronavirus-prefeitura-decreta-estado-de-calamidade-publica","status":"publish","type":"post","link":"https:\/\/cajamar.sp.gov.br\/noticias\/2020\/03\/24\/coronavirus-prefeitura-decreta-estado-de-calamidade-publica\/","title":{"rendered":"Coronav\u00edrus: Prefeitura decreta estado de calamidade p\u00fablica"},"content":{"rendered":"\n<figure class=\"wp-block-image\"><img fetchpriority=\"high\" decoding=\"async\" width=\"1280\" height=\"820\" src=\"https:\/\/cajamar.sp.gov.br\/noticias\/wp-content\/uploads\/sites\/2\/2020\/03\/img6431a-1280x820.jpg\" alt=\"\" class=\"wp-image-22389\" srcset=\"https:\/\/cajamar.sp.gov.br\/noticias\/wp-content\/uploads\/sites\/2\/2020\/03\/img6431a-1280x820.jpg 1280w, https:\/\/cajamar.sp.gov.br\/noticias\/wp-content\/uploads\/sites\/2\/2020\/03\/img6431a-768x492.jpg 768w, https:\/\/cajamar.sp.gov.br\/noticias\/wp-content\/uploads\/sites\/2\/2020\/03\/img6431a.jpg 1600w\" sizes=\"(max-width: 1280px) 100vw, 1280px\" \/><\/figure>\n\n\n\n<p>\n\nDiante da epidemia do novo coronav\u00edrus, a Prefeitura de Cajamar decretou nesta segunda-feira, dia 23 de mar\u00e7o, estado de calamidade p\u00fablica para intensificar iniciativas de enfrentamento a Covid-19. Al\u00e9m de ampliar as a\u00e7\u00f5es anunciadas desde o in\u00edcio da semana passada, a decis\u00e3o imp\u00f5e novas medidas para frear a dissemina\u00e7\u00e3o do v\u00edrus na cidade. O documento foi publicado no Di\u00e1rio Oficial desta segunda-feira (23).<\/p>\n\n\n\n<p>A medida dar\u00e1 agilidade \u00e0s compras de materiais insumos para a sa\u00fade, al\u00e9m de determinar a suspens\u00e3o do funcionamento de estabelecimentos comerciais, especialmente bares e restaurantes. O Decreto n\u00ba 6.228 tamb\u00e9m considera o estado de calamidade p\u00fablica decretado pelo governo federal suspende todas as atividades de com\u00e9rcio no \u00e2mbito municipal, \u00e0 exce\u00e7\u00e3o dos estabelecimentos e servi\u00e7os de sa\u00fade, seguran\u00e7a, alimenta\u00e7\u00e3o humana e animal, abastecimento e banc\u00e1rios. A suspens\u00e3o n\u00e3o alcan\u00e7a a pr\u00e1tica de atos de com\u00e9rcio na modalidade virtual, com entrega domiciliar.<\/p>\n\n\n\n<p>As medidas do decreto dever\u00e3o ser fiscalizadas pela Guarda Civil Municipal de Cajamar que contar\u00e3o com o apoio da Pol\u00edcia Militar. O decreto prev\u00ea ainda que a fiscaliza\u00e7\u00e3o seja feita pelos \u00f3rg\u00e3os administrativos competentes, pelos servidores eventualmente convocados a tal e, al\u00e9m disso, qualquer cidad\u00e3o poder\u00e1 participar da atividade fiscalizat\u00f3ria, comunicando a municipalidade quando constatado eventual descumprimento de qualquer medida de combate \u00e0 pandemia.<\/p>\n\n\n\n<p>Al\u00e9m disso, os servi\u00e7os essenciais, como na \u00e1rea da sa\u00fade, n\u00e3o ser\u00e3o afetados. O governo municipal j\u00e1 est\u00e1 acatando as determina\u00e7\u00f5es que implicam na obriga\u00e7\u00e3o do fechamento de todo o com\u00e9rcio e servi\u00e7os n\u00e3o essenciais \u00e0 popula\u00e7\u00e3o em Cajamar, como enfrentamento \u00e0 pandemia do coronav\u00edrus (Covid-19). A Prefeitura pede a todos que fiquem em casa, para a seguran\u00e7a do maior n\u00famero de pessoas.<\/p>\n\n\n\n<p><strong>O que continua funcionando?<\/strong><\/p>\n\n\n\n<p>Essa determina\u00e7\u00e3o n\u00e3o se aplica \u00e0s transa\u00e7\u00f5es comerciais por meio de aplicativos, internet, telefone e os servi\u00e7os de entrega em domic\u00edlio (\u201cdelivery\u201d) e \u201cdrive thru\u201d.<\/p>\n\n\n\n<p>Al\u00e9m dos servi\u00e7os online, permanecem abertos os supermercados, a\u00e7ougues, farm\u00e1cias, lojas de venda de alimenta\u00e7\u00e3o humana e animal, servi\u00e7os de limpeza, servi\u00e7os de seguran\u00e7a e vigil\u00e2ncia privada, postos de combust\u00edveis, oficinas de ve\u00edculos automotores, servi\u00e7os funer\u00e1rio e servi\u00e7os de sa\u00fade, como hospitais e unidades de sa\u00fade.<br><\/p>\n","protected":false},"excerpt":{"rendered":"<p>O decreto de calamidade foi publicado no Di\u00e1rio Oficial desta segunda-feira (23).<\/p>\n","protected":false},"author":7,"featured_media":22389,"comment_status":"closed","ping_status":"closed","sticky":false,"template":"","format":"standard","meta":{"footnotes":""},"categories":[34],"tags":[],"posicao":[28],"class_list":["post-22388","post","type-post","status-publish","format-standard","has-post-thumbnail","hentry","category-coronavirus","posicao-destaque"],"_links":{"self":[{"href":"https:\/\/cajamar.sp.gov.br\/noticias\/wp-json\/wp\/v2\/posts\/22388","targetHints":{"allow":["GET"]}}],"collection":[{"href":"https:\/\/cajamar.sp.gov.br\/noticias\/wp-json\/wp\/v2\/posts"}],"about":[{"href":"https:\/\/cajamar.sp.gov.br\/noticias\/wp-json\/wp\/v2\/types\/post"}],"author":[{"embeddable":true,"href":"https:\/\/cajamar.sp.gov.br\/noticias\/wp-json\/wp\/v2\/users\/7"}],"replies":[{"embeddable":true,"href":"https:\/\/cajamar.sp.gov.br\/noticias\/wp-json\/wp\/v2\/comments?post=22388"}],"version-history":[{"count":1,"href":"https:\/\/cajamar.sp.gov.br\/noticias\/wp-json\/wp\/v2\/posts\/22388\/revisions"}],"predecessor-version":[{"id":22390,"href":"https:\/\/cajamar.sp.gov.br\/noticias\/wp-json\/wp\/v2\/posts\/22388\/revisions\/22390"}],"wp:featuredmedia":[{"embeddable":true,"href":"https:\/\/cajamar.sp.gov.br\/noticias\/wp-json\/wp\/v2\/media\/22389"}],"wp:attachment":[{"href":"https:\/\/cajamar.sp.gov.br\/noticias\/wp-json\/wp\/v2\/media?parent=22388"}],"wp:term":[{"taxonomy":"category","embeddable":true,"href":"https:\/\/cajamar.sp.gov.br\/noticias\/wp-json\/wp\/v2\/categories?post=22388"},{"taxonomy":"post_tag","embeddable":true,"href":"https:\/\/cajamar.sp.gov.br\/noticias\/wp-json\/wp\/v2\/tags?post=22388"},{"taxonomy":"posicao","embeddable":true,"href":"https:\/\/cajamar.sp.gov.br\/noticias\/wp-json\/wp\/v2\/posicao?post=22388"}],"curies":[{"name":"wp","href":"https:\/\/api.w.org\/{rel}","templated":true}]}}