{"id":22405,"date":"2020-03-25T17:21:10","date_gmt":"2020-03-25T20:21:10","guid":{"rendered":"https:\/\/cajamar.sp.gov.br\/noticias\/?p=22405"},"modified":"2020-03-30T23:26:01","modified_gmt":"2020-03-31T02:26:01","slug":"alunos-em-vulnerabilidade-social-receberao-cesta-de-alimentos","status":"publish","type":"post","link":"https:\/\/cajamar.sp.gov.br\/noticias\/2020\/03\/25\/alunos-em-vulnerabilidade-social-receberao-cesta-de-alimentos\/","title":{"rendered":"Alunos em vulnerabilidade social receber\u00e3o cesta de alimentos"},"content":{"rendered":"\n<figure class=\"wp-block-image\"><img fetchpriority=\"high\" decoding=\"async\" width=\"1200\" height=\"800\" src=\"https:\/\/cajamar.sp.gov.br\/noticias\/wp-content\/uploads\/sites\/2\/2020\/03\/img6435a-1.jpg\" alt=\"\" class=\"wp-image-22406\" srcset=\"https:\/\/cajamar.sp.gov.br\/noticias\/wp-content\/uploads\/sites\/2\/2020\/03\/img6435a-1.jpg 1200w, https:\/\/cajamar.sp.gov.br\/noticias\/wp-content\/uploads\/sites\/2\/2020\/03\/img6435a-1-768x512.jpg 768w\" sizes=\"(max-width: 1200px) 100vw, 1200px\" \/><\/figure>\n\n\n\n<p>\n\nAp\u00f3s a suspens\u00e3o das aulas por per\u00edodo indeterminado, em decorr\u00eancia da pandemia ocasionada pelo novo Coronav\u00edrus (COVID-19), a Prefeitura de Cajamar, por meio da parceria entre a Secretaria de Educa\u00e7\u00e3o e o Fundo Social de Solidariedade, preparou diversas cestas com os alimentos que seriam utilizados para merenda escolar durante o per\u00edodo de paralisa\u00e7\u00e3o para doar aos alunos de fam\u00edlias que vivem em situa\u00e7\u00e3o de vulnerabilidade social.<\/p>\n\n\n\n<p>Cerca de 1850 alunos ir\u00e3o receber a cesta de alimentos. A equipe de gest\u00e3o das escolas municipais elaborou uma lista com o nome dos alunos que necessitam deste benef\u00edcio. &#8220;O intuito \u00e9 manter as crian\u00e7as com alimenta\u00e7\u00e3o adequada durante este per\u00edodo que n\u00e3o haver\u00e1 aula, sobretudo, para os alunos que dependem da merenda escolar como base alimentar em seu dia a dia&#8221;, destaca o Secret\u00e1rio de Educa\u00e7\u00e3o, Prof. Dr. R\u00e9gis Souza que faz quest\u00e3o de mencionar que uma das principais metas da administra\u00e7\u00e3o Danilo Joan, \u00e9 cuidar de pessoas e que esta \u00e9 uma excelente oportunidade para praticar a empatia, isto \u00e9, colocar-se no lugar do outro.<\/p>\n\n\n\n<p>As cestas ser\u00e3o distribu\u00eddas no decorrer dos pr\u00f3ximos dias e, caso alguma fam\u00edlia que tenha o aluno matriculado na Rede Municipal, n\u00e3o tenha sido contemplada, e necessite deste aux\u00edlio alimentar, poder\u00e1 entrar em contato com o n\u00famero (11) 4447-1633. &#8220;Esses novos casos ser\u00e3o analisados por um profissional da Assist\u00eancia Social para que o benef\u00edcio seja utilizado de maneira coerente, tendo como objetivo principal, atender as fam\u00edlias que realmente precisam dessa contribui\u00e7\u00e3o&#8221;, conclui Nadja Haddad, presidente do Fundo Social de Solidariedade. <\/p>\n\n\n\n<ul class=\"wp-block-gallery columns-3 is-cropped wp-block-gallery-1 is-layout-flex wp-block-gallery-is-layout-flex\"><li class=\"blocks-gallery-item\"><figure><img decoding=\"async\" width=\"1200\" height=\"800\" src=\"https:\/\/cajamar.sp.gov.br\/noticias\/wp-content\/uploads\/sites\/2\/2020\/03\/img6435b.jpg\" alt=\"\" data-id=\"22424\" data-link=\"https:\/\/cajamar.sp.gov.br\/noticias\/2020\/03\/25\/alunos-em-vulnerabilidade-social-receberao-cesta-de-alimentos\/img6435b\/\" class=\"wp-image-22424\" srcset=\"https:\/\/cajamar.sp.gov.br\/noticias\/wp-content\/uploads\/sites\/2\/2020\/03\/img6435b.jpg 1200w, https:\/\/cajamar.sp.gov.br\/noticias\/wp-content\/uploads\/sites\/2\/2020\/03\/img6435b-768x512.jpg 768w\" sizes=\"(max-width: 1200px) 100vw, 1200px\" \/><\/figure><\/li><li class=\"blocks-gallery-item\"><figure><img decoding=\"async\" width=\"1200\" height=\"800\" src=\"https:\/\/cajamar.sp.gov.br\/noticias\/wp-content\/uploads\/sites\/2\/2020\/03\/img6435c.jpg\" alt=\"\" data-id=\"22425\" data-link=\"https:\/\/cajamar.sp.gov.br\/noticias\/2020\/03\/25\/alunos-em-vulnerabilidade-social-receberao-cesta-de-alimentos\/img6435c\/\" class=\"wp-image-22425\" srcset=\"https:\/\/cajamar.sp.gov.br\/noticias\/wp-content\/uploads\/sites\/2\/2020\/03\/img6435c.jpg 1200w, https:\/\/cajamar.sp.gov.br\/noticias\/wp-content\/uploads\/sites\/2\/2020\/03\/img6435c-768x512.jpg 768w\" sizes=\"(max-width: 1200px) 100vw, 1200px\" \/><\/figure><\/li><li class=\"blocks-gallery-item\"><figure><img loading=\"lazy\" decoding=\"async\" width=\"1200\" height=\"800\" src=\"https:\/\/cajamar.sp.gov.br\/noticias\/wp-content\/uploads\/sites\/2\/2020\/03\/img6435d-1.jpg\" alt=\"\" data-id=\"22426\" data-link=\"https:\/\/cajamar.sp.gov.br\/noticias\/2020\/03\/25\/alunos-em-vulnerabilidade-social-receberao-cesta-de-alimentos\/img6435d-2\/\" class=\"wp-image-22426\" srcset=\"https:\/\/cajamar.sp.gov.br\/noticias\/wp-content\/uploads\/sites\/2\/2020\/03\/img6435d-1.jpg 1200w, https:\/\/cajamar.sp.gov.br\/noticias\/wp-content\/uploads\/sites\/2\/2020\/03\/img6435d-1-768x512.jpg 768w\" sizes=\"(max-width: 1200px) 100vw, 1200px\" \/><\/figure><\/li><\/ul>\n","protected":false},"excerpt":{"rendered":"<p>Cerca de 1850 alunos ir\u00e3o receber a cesta de alimentos. A equipe de gest\u00e3o das escolas municipais elaborou uma lista com o nome dos alunos que necessitam deste benef\u00edcio.<\/p>\n","protected":false},"author":7,"featured_media":22406,"comment_status":"closed","ping_status":"closed","sticky":false,"template":"","format":"standard","meta":{"footnotes":""},"categories":[8],"tags":[],"posicao":[28],"class_list":["post-22405","post","type-post","status-publish","format-standard","has-post-thumbnail","hentry","category-educacao","posicao-destaque"],"_links":{"self":[{"href":"https:\/\/cajamar.sp.gov.br\/noticias\/wp-json\/wp\/v2\/posts\/22405","targetHints":{"allow":["GET"]}}],"collection":[{"href":"https:\/\/cajamar.sp.gov.br\/noticias\/wp-json\/wp\/v2\/posts"}],"about":[{"href":"https:\/\/cajamar.sp.gov.br\/noticias\/wp-json\/wp\/v2\/types\/post"}],"author":[{"embeddable":true,"href":"https:\/\/cajamar.sp.gov.br\/noticias\/wp-json\/wp\/v2\/users\/7"}],"replies":[{"embeddable":true,"href":"https:\/\/cajamar.sp.gov.br\/noticias\/wp-json\/wp\/v2\/comments?post=22405"}],"version-history":[{"count":2,"href":"https:\/\/cajamar.sp.gov.br\/noticias\/wp-json\/wp\/v2\/posts\/22405\/revisions"}],"predecessor-version":[{"id":22427,"href":"https:\/\/cajamar.sp.gov.br\/noticias\/wp-json\/wp\/v2\/posts\/22405\/revisions\/22427"}],"wp:featuredmedia":[{"embeddable":true,"href":"https:\/\/cajamar.sp.gov.br\/noticias\/wp-json\/wp\/v2\/media\/22406"}],"wp:attachment":[{"href":"https:\/\/cajamar.sp.gov.br\/noticias\/wp-json\/wp\/v2\/media?parent=22405"}],"wp:term":[{"taxonomy":"category","embeddable":true,"href":"https:\/\/cajamar.sp.gov.br\/noticias\/wp-json\/wp\/v2\/categories?post=22405"},{"taxonomy":"post_tag","embeddable":true,"href":"https:\/\/cajamar.sp.gov.br\/noticias\/wp-json\/wp\/v2\/tags?post=22405"},{"taxonomy":"posicao","embeddable":true,"href":"https:\/\/cajamar.sp.gov.br\/noticias\/wp-json\/wp\/v2\/posicao?post=22405"}],"curies":[{"name":"wp","href":"https:\/\/api.w.org\/{rel}","templated":true}]}}