{"id":22769,"date":"2020-04-17T19:43:54","date_gmt":"2020-04-17T22:43:54","guid":{"rendered":"https:\/\/cajamar.sp.gov.br\/noticias\/?p=22769"},"modified":"2020-06-17T16:40:10","modified_gmt":"2020-06-17T19:40:10","slug":"vacina-de-rotina-volta-a-ser-aplicada-a-partir-desta-sexta-feira-17","status":"publish","type":"post","link":"https:\/\/cajamar.sp.gov.br\/noticias\/2020\/04\/17\/vacina-de-rotina-volta-a-ser-aplicada-a-partir-desta-sexta-feira-17\/","title":{"rendered":"Vacina de rotina volta a ser aplicada a partir desta sexta-feira (17)"},"content":{"rendered":"\n<figure class=\"wp-block-image\"><img fetchpriority=\"high\" decoding=\"async\" width=\"1280\" height=\"853\" src=\"https:\/\/cajamar.sp.gov.br\/noticias\/wp-content\/uploads\/sites\/2\/2020\/04\/saude-capa-1280x853.jpg\" alt=\"\" class=\"wp-image-22770\" srcset=\"https:\/\/cajamar.sp.gov.br\/noticias\/wp-content\/uploads\/sites\/2\/2020\/04\/saude-capa-1280x853.jpg 1280w, https:\/\/cajamar.sp.gov.br\/noticias\/wp-content\/uploads\/sites\/2\/2020\/04\/saude-capa-768x512.jpg 768w, https:\/\/cajamar.sp.gov.br\/noticias\/wp-content\/uploads\/sites\/2\/2020\/04\/saude-capa.jpg 2048w\" sizes=\"(max-width: 1280px) 100vw, 1280px\" \/><figcaption>A orienta\u00e7\u00e3o da Secretaria Municipal de Sa\u00fade \u00e9 que n\u00e3o haja aglomera\u00e7\u00f5es nas salas de imuniza\u00e7\u00f5es e as nas UBS &#8211; Foto: Murilo Soares\/Comunica\u00e7\u00e3o<\/figcaption><\/figure>\n\n\n\n<p>A partir desta sexta-feira (17), a vacina\u00e7\u00e3o de rotina ser\u00e1 retomada em todas as unidades b\u00e1sicas de sa\u00fade (UBS) de Cajamar, que contam com sala de imuniza\u00e7\u00e3o. A lista inclui pentavalente, BCG, poliomielite, tr\u00edplice viral, hepatite, febre amarela, entre outras que constam no Calend\u00e1rio Nacional de Vacina\u00e7\u00e3o. <\/p>\n\n\n\n<p>\u201cA rotina volta ao normal tanto para adultos, quanto crian\u00e7as, adolescentes e idosos. Todos que est\u00e3o previstos no calend\u00e1rio de vacina\u00e7\u00e3o podem receber a aplica\u00e7\u00e3o das doses. Inclusive os que est\u00e3o com o cart\u00e3o de vacina atrasado\u201d, afirmou o Gestor do departamento de Vigil\u00e2ncia e Sa\u00fade da Secretaria de Sa\u00fade, Jos\u00e9 Enoque da Silva Garcia.<\/p>\n\n\n\n<p>A Secretaria de Sa\u00fade tinha recebido a orienta\u00e7\u00e3o do Minist\u00e9rio da Sa\u00fade para suspender a aplica\u00e7\u00e3o de vacinas de rotina durante a primeira fase da campanha contra a Influenza (H1N1), que encerrou nesta quarta-feira (15), visando evitar o contato com os idosos, p\u00fablico alvo desta primeira fase, amenizando o risco de transmiss\u00e3o do novo coronav\u00edrus.<\/p>\n\n\n\n<p>Assim, as equipes de imuniza\u00e7\u00e3o do munic\u00edpio, priorizaram a faixa et\u00e1ria acima de 60 anos, para reduzir o contato de pais e crian\u00e7as com os idosos, que s\u00e3o as pessoas que mais t\u00eam apresentando complica\u00e7\u00f5es devido \u00e0 Covid-19.<\/p>\n","protected":false},"excerpt":{"rendered":"<p>A suspens\u00e3o ocorreu durante a primeira fase da campanha contra a gripe devido.<\/p>\n","protected":false},"author":12,"featured_media":22770,"comment_status":"closed","ping_status":"closed","sticky":false,"template":"","format":"standard","meta":{"footnotes":""},"categories":[2],"tags":[],"posicao":[28],"class_list":["post-22769","post","type-post","status-publish","format-standard","has-post-thumbnail","hentry","category-saude","posicao-destaque"],"_links":{"self":[{"href":"https:\/\/cajamar.sp.gov.br\/noticias\/wp-json\/wp\/v2\/posts\/22769","targetHints":{"allow":["GET"]}}],"collection":[{"href":"https:\/\/cajamar.sp.gov.br\/noticias\/wp-json\/wp\/v2\/posts"}],"about":[{"href":"https:\/\/cajamar.sp.gov.br\/noticias\/wp-json\/wp\/v2\/types\/post"}],"author":[{"embeddable":true,"href":"https:\/\/cajamar.sp.gov.br\/noticias\/wp-json\/wp\/v2\/users\/12"}],"replies":[{"embeddable":true,"href":"https:\/\/cajamar.sp.gov.br\/noticias\/wp-json\/wp\/v2\/comments?post=22769"}],"version-history":[{"count":1,"href":"https:\/\/cajamar.sp.gov.br\/noticias\/wp-json\/wp\/v2\/posts\/22769\/revisions"}],"predecessor-version":[{"id":22772,"href":"https:\/\/cajamar.sp.gov.br\/noticias\/wp-json\/wp\/v2\/posts\/22769\/revisions\/22772"}],"wp:featuredmedia":[{"embeddable":true,"href":"https:\/\/cajamar.sp.gov.br\/noticias\/wp-json\/wp\/v2\/media\/22770"}],"wp:attachment":[{"href":"https:\/\/cajamar.sp.gov.br\/noticias\/wp-json\/wp\/v2\/media?parent=22769"}],"wp:term":[{"taxonomy":"category","embeddable":true,"href":"https:\/\/cajamar.sp.gov.br\/noticias\/wp-json\/wp\/v2\/categories?post=22769"},{"taxonomy":"post_tag","embeddable":true,"href":"https:\/\/cajamar.sp.gov.br\/noticias\/wp-json\/wp\/v2\/tags?post=22769"},{"taxonomy":"posicao","embeddable":true,"href":"https:\/\/cajamar.sp.gov.br\/noticias\/wp-json\/wp\/v2\/posicao?post=22769"}],"curies":[{"name":"wp","href":"https:\/\/api.w.org\/{rel}","templated":true}]}}