{"id":22787,"date":"2020-04-20T19:00:45","date_gmt":"2020-04-20T22:00:45","guid":{"rendered":"https:\/\/cajamar.sp.gov.br\/noticias\/?p=22787"},"modified":"2020-06-17T16:40:10","modified_gmt":"2020-06-17T19:40:10","slug":"segunda-fase-da-campanha-de-vacinacao-contra-influenza-h1n1-sera-por-agendamento","status":"publish","type":"post","link":"https:\/\/cajamar.sp.gov.br\/noticias\/2020\/04\/20\/segunda-fase-da-campanha-de-vacinacao-contra-influenza-h1n1-sera-por-agendamento\/","title":{"rendered":"Segunda fase da Campanha de Vacina\u00e7\u00e3o contra Influenza H1N1 ser\u00e1 por agendamento"},"content":{"rendered":"\n<figure class=\"wp-block-image\"><img fetchpriority=\"high\" decoding=\"async\" width=\"1200\" height=\"627\" src=\"https:\/\/cajamar.sp.gov.br\/noticias\/wp-content\/uploads\/sites\/2\/2020\/04\/site_campanha_h1n1-2-1.jpg\" alt=\"\" class=\"wp-image-22789\" srcset=\"https:\/\/cajamar.sp.gov.br\/noticias\/wp-content\/uploads\/sites\/2\/2020\/04\/site_campanha_h1n1-2-1.jpg 1200w, https:\/\/cajamar.sp.gov.br\/noticias\/wp-content\/uploads\/sites\/2\/2020\/04\/site_campanha_h1n1-2-1-768x401.jpg 768w\" sizes=\"(max-width: 1200px) 100vw, 1200px\" \/><figcaption>Imagem Arte: Fabio Campina\/Secretaria de Moderniza\u00e7\u00e3o e Comunica\u00e7\u00e3o<\/figcaption><\/figure>\n\n\n\n<p>Na pr\u00f3xima quinta-feira (23), ter\u00e1 in\u00edcio a segunda fase da Campanha Nacional de Vacina\u00e7\u00e3o contra Influenza H1N1 em Cajamar. Devido a circula\u00e7\u00e3o do coronav\u00edrus no pa\u00eds, a Secretaria Municipal de Sa\u00fade ir\u00e1 realizar o agendamento das pessoas que participam do p\u00fablico alvo dessa fase, para evitar aglomera\u00e7\u00f5es nas Unidades de Sa\u00fade.<\/p>\n\n\n\n<p>Para fazer o agendamento, \u00e9 necess\u00e1rio entrar em contato com o Tele Sa\u00fade de Cajamar. O agendamento j\u00e1 est\u00e1 dispon\u00edvel e poder\u00e1 ser feito de segunda a segunda, das 8h \u00e0s 17h. O mun\u00edcipe receber\u00e1 uma senha para ser vacinado na Unidade de Sa\u00fade mais pr\u00f3xima do seu endere\u00e7o, respeitando a ordem das liga\u00e7\u00f5es.<\/p>\n\n\n\n<p>SER\u00c3O VACINADOS APENAS AQUELES QUE APRESENTAREM A SENHA QUE SER\u00c1 FORNECIDA NO MOMENTO DO AGENDAMENTO<\/p>\n\n\n\n<p>TeleSa\u00fade:<br>\n4447-1233 \/ 4446-6330 \/ 4446-6818<br>\n99465-4332 (atendimento e WhatsApp)<\/p>\n\n\n\n<p>P\u00fablico Alvo:<\/p>\n\n\n\n<ul class=\"wp-block-list\"><li>Portadores de doen\u00e7as cr\u00f4nicas e outras condi\u00e7\u00f5es cl\u00ednicas especiais<\/li><li>Caminhoneiros, motoristas de transportes coletivos e portu\u00e1rios.<\/li><li>Profissionais das for\u00e7as de seguran\u00e7a e salvamento,<\/li><li>Funcion\u00e1rios do Sistema prisional,<\/li><li>Adolescentes e jovens de 12 a 21 anos sob medidas socioeducativas,<\/li><li>Popula\u00e7\u00e3o privada de liberdade.<\/li><\/ul>\n\n\n\n<p>No dia agendado, \u00e9 necess\u00e1rio apresentar os comprovantes abaixo relacionados a cada caso:<\/p>\n\n\n\n<p>Portadores de doen\u00e7as cr\u00f4nicas e outras condi\u00e7\u00f5es cl\u00ednicas especiais<\/p>\n\n\n\n<ul class=\"wp-block-list\"><li>Receita m\u00e9dica dos \u00faltimos 6 meses ou,<\/li><li>Prescri\u00e7\u00e3o M\u00e9dica ou,<\/li><li>Comprovante de vacina para Influenza de anos anteriores.<\/li><\/ul>\n\n\n\n<p>Caminhoneiros, motoristas e cobradores de transportes coletivos e portu\u00e1rios<\/p>\n\n\n\n<ul class=\"wp-block-list\"><li>Recomenda-se a apresenta\u00e7\u00e3o de algum documento comprobat\u00f3rio, como carteira de trabalho, o contracheque com documento de identidade, a carteira de s\u00f3cio (a) dos sindicatos de transportes, carteira de habilita\u00e7\u00e3o (categorias C, D ou E), registro no \u00d3rg\u00e3o Gestor de M\u00e3o de Obra (OGMO) ou declara\u00e7\u00f5es dos servi\u00e7os onde atuam.<\/li><\/ul>\n\n\n\n<p>Profissionais das for\u00e7as de seguran\u00e7a e salvamento:<\/p>\n\n\n\n<ul class=\"wp-block-list\"><li>Carteira Funcional<\/li><\/ul>\n","protected":false},"excerpt":{"rendered":"<p>A medida tem como objetivo evitar aglomera\u00e7\u00f5es nas Unidades de Sa\u00fade durante este per\u00edodo de pandemia, devido a circula\u00e7\u00e3o do coronav\u00edrus no pa\u00eds.<\/p>\n","protected":false},"author":12,"featured_media":22788,"comment_status":"closed","ping_status":"closed","sticky":false,"template":"","format":"standard","meta":{"footnotes":""},"categories":[2],"tags":[],"posicao":[28],"class_list":["post-22787","post","type-post","status-publish","format-standard","has-post-thumbnail","hentry","category-saude","posicao-destaque"],"_links":{"self":[{"href":"https:\/\/cajamar.sp.gov.br\/noticias\/wp-json\/wp\/v2\/posts\/22787","targetHints":{"allow":["GET"]}}],"collection":[{"href":"https:\/\/cajamar.sp.gov.br\/noticias\/wp-json\/wp\/v2\/posts"}],"about":[{"href":"https:\/\/cajamar.sp.gov.br\/noticias\/wp-json\/wp\/v2\/types\/post"}],"author":[{"embeddable":true,"href":"https:\/\/cajamar.sp.gov.br\/noticias\/wp-json\/wp\/v2\/users\/12"}],"replies":[{"embeddable":true,"href":"https:\/\/cajamar.sp.gov.br\/noticias\/wp-json\/wp\/v2\/comments?post=22787"}],"version-history":[{"count":1,"href":"https:\/\/cajamar.sp.gov.br\/noticias\/wp-json\/wp\/v2\/posts\/22787\/revisions"}],"predecessor-version":[{"id":22790,"href":"https:\/\/cajamar.sp.gov.br\/noticias\/wp-json\/wp\/v2\/posts\/22787\/revisions\/22790"}],"wp:featuredmedia":[{"embeddable":true,"href":"https:\/\/cajamar.sp.gov.br\/noticias\/wp-json\/wp\/v2\/media\/22788"}],"wp:attachment":[{"href":"https:\/\/cajamar.sp.gov.br\/noticias\/wp-json\/wp\/v2\/media?parent=22787"}],"wp:term":[{"taxonomy":"category","embeddable":true,"href":"https:\/\/cajamar.sp.gov.br\/noticias\/wp-json\/wp\/v2\/categories?post=22787"},{"taxonomy":"post_tag","embeddable":true,"href":"https:\/\/cajamar.sp.gov.br\/noticias\/wp-json\/wp\/v2\/tags?post=22787"},{"taxonomy":"posicao","embeddable":true,"href":"https:\/\/cajamar.sp.gov.br\/noticias\/wp-json\/wp\/v2\/posicao?post=22787"}],"curies":[{"name":"wp","href":"https:\/\/api.w.org\/{rel}","templated":true}]}}