{"id":22847,"date":"2020-04-24T17:55:13","date_gmt":"2020-04-24T20:55:13","guid":{"rendered":"https:\/\/cajamar.sp.gov.br\/noticias\/?p=22847"},"modified":"2020-06-17T16:40:10","modified_gmt":"2020-06-17T19:40:10","slug":"governo-de-sao-paulo-recomenda-uso-de-mascaras-em-todos-os-municipios-do-estado","status":"publish","type":"post","link":"https:\/\/cajamar.sp.gov.br\/noticias\/2020\/04\/24\/governo-de-sao-paulo-recomenda-uso-de-mascaras-em-todos-os-municipios-do-estado\/","title":{"rendered":"Governo de S\u00e3o Paulo recomenda uso de m\u00e1scaras em todos os munic\u00edpios do Estado"},"content":{"rendered":"\n<figure class=\"wp-block-image\"><img fetchpriority=\"high\" decoding=\"async\" width=\"1200\" height=\"627\" src=\"https:\/\/cajamar.sp.gov.br\/noticias\/wp-content\/uploads\/sites\/2\/2020\/04\/site_use_mascara.jpg\" alt=\"\" class=\"wp-image-22848\" srcset=\"https:\/\/cajamar.sp.gov.br\/noticias\/wp-content\/uploads\/sites\/2\/2020\/04\/site_use_mascara.jpg 1200w, https:\/\/cajamar.sp.gov.br\/noticias\/wp-content\/uploads\/sites\/2\/2020\/04\/site_use_mascara-768x401.jpg 768w\" sizes=\"(max-width: 1200px) 100vw, 1200px\" \/><figcaption>Imagem: F\u00e1bio Campina\/Secretaria Municipal de Moderniza\u00e7\u00e3o e Comunica\u00e7\u00e3o <\/figcaption><\/figure>\n\n\n\n<p>O Governo do Estado de S\u00e3o Paulo anunciou que nesta sexta-feira (24) ser\u00e1 publicado um decreto recomendando que todas as pessoas que tiverem necessidade de sair \u00e0s ruas utilizem m\u00e1scaras de prote\u00e7\u00e3o facial. A medida atende \u00e0s orienta\u00e7\u00f5es da Organiza\u00e7\u00e3o Mundial de Sa\u00fade (OMS) para conten\u00e7\u00e3o da pandemia do coronav\u00edrus.  <\/p>\n\n\n\n<p>A recomenda\u00e7\u00e3o \u00e9 v\u00e1lida para a popula\u00e7\u00e3o de todos os 645 munic\u00edpios do Estado. As m\u00e1scaras caseiras, confeccionadas com tecido, foram autorizadas por \u00f3rg\u00e3os de Sa\u00fade e atendem a recomenda\u00e7\u00e3o. No entanto, a utiliza\u00e7\u00e3o da prote\u00e7\u00e3o facial, n\u00e3o anula as demais recomenda\u00e7\u00f5es, e devemos seguir respeitando a quarentena. \u00c9 importante sair de casa somente em caso de extrema necessidade, para reduzir os \u00edndices de contamina\u00e7\u00e3o entre a popula\u00e7\u00e3o.  <\/p>\n\n\n\n<p>A quarentena ficou estabelecida at\u00e9 o dia 11 de maio, por determina\u00e7\u00f5es do Governo do Estado. Nos \u00faltimos dias, Cajamar se manteve entre as 10 cidades, das 645 do Estado de S\u00e3o Paulo, que respeitam as medidas de isolamento social. Precisamos permanecer seguindo as orienta\u00e7\u00f5es para que os resultados sejam satisfat\u00f3rios.<\/p>\n","protected":false},"excerpt":{"rendered":"<p>A partir desta sexta-feira (24) o uso de prote\u00e7\u00e3o facial ser\u00e1 recomendado para a popula\u00e7\u00e3o nos 645 munic\u00edpios de S\u00e3o Paulo, para refor\u00e7ar os cuidados, com o intuito de reduzir os \u00edndices de contamina\u00e7\u00e3o entre a popula\u00e7\u00e3o.<\/p>\n","protected":false},"author":11,"featured_media":22848,"comment_status":"closed","ping_status":"closed","sticky":false,"template":"","format":"standard","meta":{"footnotes":""},"categories":[34],"tags":[],"posicao":[28],"class_list":["post-22847","post","type-post","status-publish","format-standard","has-post-thumbnail","hentry","category-coronavirus","posicao-destaque"],"_links":{"self":[{"href":"https:\/\/cajamar.sp.gov.br\/noticias\/wp-json\/wp\/v2\/posts\/22847","targetHints":{"allow":["GET"]}}],"collection":[{"href":"https:\/\/cajamar.sp.gov.br\/noticias\/wp-json\/wp\/v2\/posts"}],"about":[{"href":"https:\/\/cajamar.sp.gov.br\/noticias\/wp-json\/wp\/v2\/types\/post"}],"author":[{"embeddable":true,"href":"https:\/\/cajamar.sp.gov.br\/noticias\/wp-json\/wp\/v2\/users\/11"}],"replies":[{"embeddable":true,"href":"https:\/\/cajamar.sp.gov.br\/noticias\/wp-json\/wp\/v2\/comments?post=22847"}],"version-history":[{"count":1,"href":"https:\/\/cajamar.sp.gov.br\/noticias\/wp-json\/wp\/v2\/posts\/22847\/revisions"}],"predecessor-version":[{"id":22849,"href":"https:\/\/cajamar.sp.gov.br\/noticias\/wp-json\/wp\/v2\/posts\/22847\/revisions\/22849"}],"wp:featuredmedia":[{"embeddable":true,"href":"https:\/\/cajamar.sp.gov.br\/noticias\/wp-json\/wp\/v2\/media\/22848"}],"wp:attachment":[{"href":"https:\/\/cajamar.sp.gov.br\/noticias\/wp-json\/wp\/v2\/media?parent=22847"}],"wp:term":[{"taxonomy":"category","embeddable":true,"href":"https:\/\/cajamar.sp.gov.br\/noticias\/wp-json\/wp\/v2\/categories?post=22847"},{"taxonomy":"post_tag","embeddable":true,"href":"https:\/\/cajamar.sp.gov.br\/noticias\/wp-json\/wp\/v2\/tags?post=22847"},{"taxonomy":"posicao","embeddable":true,"href":"https:\/\/cajamar.sp.gov.br\/noticias\/wp-json\/wp\/v2\/posicao?post=22847"}],"curies":[{"name":"wp","href":"https:\/\/api.w.org\/{rel}","templated":true}]}}