{"id":22968,"date":"2020-05-07T10:27:43","date_gmt":"2020-05-07T13:27:43","guid":{"rendered":"https:\/\/cajamar.sp.gov.br\/noticias\/?p=22968"},"modified":"2020-06-17T16:40:09","modified_gmt":"2020-06-17T19:40:09","slug":"uso-de-mascaras-torna-se-obrigatorio-em-cajamar-a-partir-desta-quinta-feira-7","status":"publish","type":"post","link":"https:\/\/cajamar.sp.gov.br\/noticias\/2020\/05\/07\/uso-de-mascaras-torna-se-obrigatorio-em-cajamar-a-partir-desta-quinta-feira-7\/","title":{"rendered":"Uso de m\u00e1scaras torna-se obrigat\u00f3rio em Cajamar a partir desta quinta-feira (7)"},"content":{"rendered":"\n<figure class=\"wp-block-image\"><img fetchpriority=\"high\" decoding=\"async\" width=\"1200\" height=\"627\" src=\"https:\/\/cajamar.sp.gov.br\/noticias\/wp-content\/uploads\/sites\/2\/2020\/05\/site_contagio_mascara-1.jpg\" alt=\"\" class=\"wp-image-22970\" srcset=\"https:\/\/cajamar.sp.gov.br\/noticias\/wp-content\/uploads\/sites\/2\/2020\/05\/site_contagio_mascara-1.jpg 1200w, https:\/\/cajamar.sp.gov.br\/noticias\/wp-content\/uploads\/sites\/2\/2020\/05\/site_contagio_mascara-1-768x401.jpg 768w\" sizes=\"(max-width: 1200px) 100vw, 1200px\" \/><figcaption>Imagem: Secretaria Municipal de Moderniza\u00e7\u00e3o e Comunica\u00e7\u00e3o. <\/figcaption><\/figure>\n\n\n\n<p>A Prefeitura de Cajamar instituiu um Decreto que determina o uso obrigat\u00f3rio de m\u00e1scara de prote\u00e7\u00e3o facial a partir desta quinta-feira (07), para todas as pessoas que estiverem nas ruas e espa\u00e7os de uso comum do munic\u00edpio. A medida atende as recomenda\u00e7\u00f5es do Governo do Estado que tornou o uso obrigat\u00f3rio em todos os munic\u00edpios de S\u00e3o Paulo.<\/p>\n\n\n\n<p>A iniciativa segue as orienta\u00e7\u00f5es dos \u00f3rg\u00e3os de Sa\u00fade para impedir o risco de cont\u00e1gio do coronav\u00edrus. Com isso, todas as pessoas que andarem nas ruas e entrarem em locais p\u00fablicos e estabelecimentos comerciais devem utilizar m\u00e1scaras.<\/p>\n\n\n\n<p>Lembrando que o Minist\u00e9rio da Sa\u00fade autorizou o uso de m\u00e1scaras caseiras. Al\u00e9m de eficiente, \u00e9 uma solu\u00e7\u00e3o simples e pode ser um grande aliado no combate \u00e0 propaga\u00e7\u00e3o do coronav\u00edrus. No entanto, para ser eficiente, a m\u00e1scara precisa ter pelo menos duas camadas de pano e deve ser higienizada frequentemente. E o mais importante: ela \u00e9 individual. N\u00e3o pode ser dividida com ningu\u00e9m. <\/p>\n\n\n\n<p>Mesmo com o uso da m\u00e1scara, as medidas de isolamento social seguem como a forma mais eficaz para combater a transmiss\u00e3o do COVID-19. Portanto, \u00e9 indicado permanecer em casa e sair somente em caso de extrema import\u00e2ncia. Mas caso seja realmente necess\u00e1rio sair, o uso de m\u00e1scara se torna obrigat\u00f3rio. Al\u00e9m disso, \u00e9 preciso manter a higieniza\u00e7\u00e3o das m\u00e3os, seja lavando com \u00e1gua e sab\u00e3o ou passando \u00e1lcool em gel.<\/p>\n","protected":false},"excerpt":{"rendered":"<p>A iniciativa atende as recomenda\u00e7\u00f5es dos \u00f3rg\u00e3os de Sa\u00fade para impedir o risco de cont\u00e1gio do coronav\u00edrus.<\/p>\n","protected":false},"author":5,"featured_media":22969,"comment_status":"closed","ping_status":"closed","sticky":false,"template":"","format":"standard","meta":{"footnotes":""},"categories":[34],"tags":[],"posicao":[28],"class_list":["post-22968","post","type-post","status-publish","format-standard","has-post-thumbnail","hentry","category-coronavirus","posicao-destaque"],"_links":{"self":[{"href":"https:\/\/cajamar.sp.gov.br\/noticias\/wp-json\/wp\/v2\/posts\/22968","targetHints":{"allow":["GET"]}}],"collection":[{"href":"https:\/\/cajamar.sp.gov.br\/noticias\/wp-json\/wp\/v2\/posts"}],"about":[{"href":"https:\/\/cajamar.sp.gov.br\/noticias\/wp-json\/wp\/v2\/types\/post"}],"author":[{"embeddable":true,"href":"https:\/\/cajamar.sp.gov.br\/noticias\/wp-json\/wp\/v2\/users\/5"}],"replies":[{"embeddable":true,"href":"https:\/\/cajamar.sp.gov.br\/noticias\/wp-json\/wp\/v2\/comments?post=22968"}],"version-history":[{"count":1,"href":"https:\/\/cajamar.sp.gov.br\/noticias\/wp-json\/wp\/v2\/posts\/22968\/revisions"}],"predecessor-version":[{"id":22971,"href":"https:\/\/cajamar.sp.gov.br\/noticias\/wp-json\/wp\/v2\/posts\/22968\/revisions\/22971"}],"wp:featuredmedia":[{"embeddable":true,"href":"https:\/\/cajamar.sp.gov.br\/noticias\/wp-json\/wp\/v2\/media\/22969"}],"wp:attachment":[{"href":"https:\/\/cajamar.sp.gov.br\/noticias\/wp-json\/wp\/v2\/media?parent=22968"}],"wp:term":[{"taxonomy":"category","embeddable":true,"href":"https:\/\/cajamar.sp.gov.br\/noticias\/wp-json\/wp\/v2\/categories?post=22968"},{"taxonomy":"post_tag","embeddable":true,"href":"https:\/\/cajamar.sp.gov.br\/noticias\/wp-json\/wp\/v2\/tags?post=22968"},{"taxonomy":"posicao","embeddable":true,"href":"https:\/\/cajamar.sp.gov.br\/noticias\/wp-json\/wp\/v2\/posicao?post=22968"}],"curies":[{"name":"wp","href":"https:\/\/api.w.org\/{rel}","templated":true}]}}