{"id":23158,"date":"2020-05-22T12:19:08","date_gmt":"2020-05-22T15:19:08","guid":{"rendered":"https:\/\/cajamar.sp.gov.br\/noticias\/?p=23158"},"modified":"2020-06-17T16:40:08","modified_gmt":"2020-06-17T19:40:08","slug":"governo-de-sao-paulo-antecipa-feriado-para-a-proxima-segunda-feira-25","status":"publish","type":"post","link":"https:\/\/cajamar.sp.gov.br\/noticias\/2020\/05\/22\/governo-de-sao-paulo-antecipa-feriado-para-a-proxima-segunda-feira-25\/","title":{"rendered":"Governo de S\u00e3o Paulo antecipa feriado para a pr\u00f3xima segunda-feira (25)"},"content":{"rendered":"\n<figure class=\"wp-block-image\"><img fetchpriority=\"high\" decoding=\"async\" width=\"1080\" height=\"553\" src=\"https:\/\/cajamar.sp.gov.br\/noticias\/wp-content\/uploads\/sites\/2\/2020\/05\/20200522_121659.jpg\" alt=\"\" class=\"wp-image-23159\" srcset=\"https:\/\/cajamar.sp.gov.br\/noticias\/wp-content\/uploads\/sites\/2\/2020\/05\/20200522_121659.jpg 1080w, https:\/\/cajamar.sp.gov.br\/noticias\/wp-content\/uploads\/sites\/2\/2020\/05\/20200522_121659-768x393.jpg 768w\" sizes=\"(max-width: 1080px) 100vw, 1080px\" \/><figcaption>Imagem: Secretaria Municipal de Moderniza\u00e7\u00e3o e Comunica\u00e7\u00e3o. <\/figcaption><\/figure>\n\n\n\n<p>O Governo de S\u00e3o Paulo decretou a antecipa\u00e7\u00e3o do feriado estadual de 9 de julho (Revolu\u00e7\u00e3o Constitucionalista), para a pr\u00f3xima segunda-feira (25). O projeto de Lei, criado pelo governador Jo\u00e3o D\u00f3ria, foi aprovado pelos deputados estaduais e valer\u00e1 para todos os 645 munic\u00edpios do Estado de S\u00e3o Paulo.<\/p>\n\n\n\n<p>A medida tem como objetivo elevar o \u00edndice de isolamento social, para n\u00e3o ser necess\u00e1rio decretar o lockdown (bloqueio total) em todo o Estado, visto que em S\u00e3o Paulo est\u00e1 concentrada a maioria dos casos confirmados e mortes por Covid-19 no Brasil, e se tornou o epicentro do coronav\u00edrus no pa\u00eds.<\/p>\n\n\n\n<p>De acordo com o Sistema de Monitoramento Inteligente, durante os feriados e finais de semana, as taxas de isolamento costumam ser maiores, a expectativa de emendar o feriado com o final de semana \u00e9 de viabilizar o achatamento da curva de cont\u00e1gio do coronav\u00edrus nos munic\u00edpios de S\u00e3o Paulo e alcan\u00e7ar o \u00edndice se isolamento considerado ideal para o per\u00edodo de quarentena. A taxa esperada \u00e9 de 70%.<\/p>\n\n\n\n<p><strong>Secretaria de Educa\u00e7\u00e3o<\/strong><\/p>\n\n\n\n<p>A Secretaria Municipal de Educa\u00e7\u00e3o informa que as aulas remotas, bem como as demais atividades escolares previstas para a pr\u00f3xima segunda-feira (25), estar\u00e3o suspensas e ser\u00e3o retomadas na pr\u00f3xima ter\u00e7a-feira (26).<\/p>\n\n\n\n<p>\n\nA medida foi adotada ap\u00f3s o governo estadual anunciar que ir\u00e1 antecipar o feriado de 9 de julho, data de in\u00edcio da&nbsp;Revolu\u00e7\u00e3o Constitucionalista&nbsp;de 1932, para a pr\u00f3xima segunda-feira 25, como forma de aumentar o \u00edndice de isolamento social para conter a pandemia do coronav\u00edrus em todo o Estado.\n\n<\/p>\n","protected":false},"excerpt":{"rendered":"<p>A medida tem como objetivo elevar o \u00edndice de isolamento social e viabilizar o achatamento da curva de cont\u00e1gio do coronav\u00edrus nos munic\u00edpios de S\u00e3o Paulo.<\/p>\n","protected":false},"author":12,"featured_media":23159,"comment_status":"closed","ping_status":"closed","sticky":false,"template":"","format":"standard","meta":{"footnotes":""},"categories":[34],"tags":[],"posicao":[28],"class_list":["post-23158","post","type-post","status-publish","format-standard","has-post-thumbnail","hentry","category-coronavirus","posicao-destaque"],"_links":{"self":[{"href":"https:\/\/cajamar.sp.gov.br\/noticias\/wp-json\/wp\/v2\/posts\/23158","targetHints":{"allow":["GET"]}}],"collection":[{"href":"https:\/\/cajamar.sp.gov.br\/noticias\/wp-json\/wp\/v2\/posts"}],"about":[{"href":"https:\/\/cajamar.sp.gov.br\/noticias\/wp-json\/wp\/v2\/types\/post"}],"author":[{"embeddable":true,"href":"https:\/\/cajamar.sp.gov.br\/noticias\/wp-json\/wp\/v2\/users\/12"}],"replies":[{"embeddable":true,"href":"https:\/\/cajamar.sp.gov.br\/noticias\/wp-json\/wp\/v2\/comments?post=23158"}],"version-history":[{"count":3,"href":"https:\/\/cajamar.sp.gov.br\/noticias\/wp-json\/wp\/v2\/posts\/23158\/revisions"}],"predecessor-version":[{"id":23162,"href":"https:\/\/cajamar.sp.gov.br\/noticias\/wp-json\/wp\/v2\/posts\/23158\/revisions\/23162"}],"wp:featuredmedia":[{"embeddable":true,"href":"https:\/\/cajamar.sp.gov.br\/noticias\/wp-json\/wp\/v2\/media\/23159"}],"wp:attachment":[{"href":"https:\/\/cajamar.sp.gov.br\/noticias\/wp-json\/wp\/v2\/media?parent=23158"}],"wp:term":[{"taxonomy":"category","embeddable":true,"href":"https:\/\/cajamar.sp.gov.br\/noticias\/wp-json\/wp\/v2\/categories?post=23158"},{"taxonomy":"post_tag","embeddable":true,"href":"https:\/\/cajamar.sp.gov.br\/noticias\/wp-json\/wp\/v2\/tags?post=23158"},{"taxonomy":"posicao","embeddable":true,"href":"https:\/\/cajamar.sp.gov.br\/noticias\/wp-json\/wp\/v2\/posicao?post=23158"}],"curies":[{"name":"wp","href":"https:\/\/api.w.org\/{rel}","templated":true}]}}