{"id":23174,"date":"2020-05-28T10:32:01","date_gmt":"2020-05-28T13:32:01","guid":{"rendered":"https:\/\/cajamar.sp.gov.br\/noticias\/?p=23174"},"modified":"2020-06-17T16:40:08","modified_gmt":"2020-06-17T19:40:08","slug":"fundo-social-de-cajamar-inicia-ampla-campanha-de-arrecadacao-de-alimentos","status":"publish","type":"post","link":"https:\/\/cajamar.sp.gov.br\/noticias\/2020\/05\/28\/fundo-social-de-cajamar-inicia-ampla-campanha-de-arrecadacao-de-alimentos\/","title":{"rendered":"Fundo Social de Cajamar inicia ampla campanha de arrecada\u00e7\u00e3o de alimentos"},"content":{"rendered":"\n<figure class=\"wp-block-image\"><img fetchpriority=\"high\" decoding=\"async\" width=\"1280\" height=\"960\" src=\"https:\/\/cajamar.sp.gov.br\/noticias\/wp-content\/uploads\/sites\/2\/2020\/05\/fundo-capa-1-1280x960.jpeg\" alt=\"\" class=\"wp-image-23176\" srcset=\"https:\/\/cajamar.sp.gov.br\/noticias\/wp-content\/uploads\/sites\/2\/2020\/05\/fundo-capa-1-1280x960.jpeg 1280w, https:\/\/cajamar.sp.gov.br\/noticias\/wp-content\/uploads\/sites\/2\/2020\/05\/fundo-capa-1-300x225.jpeg 300w, https:\/\/cajamar.sp.gov.br\/noticias\/wp-content\/uploads\/sites\/2\/2020\/05\/fundo-capa-1-768x576.jpeg 768w, https:\/\/cajamar.sp.gov.br\/noticias\/wp-content\/uploads\/sites\/2\/2020\/05\/fundo-capa-1.jpeg 2048w\" sizes=\"(max-width: 1280px) 100vw, 1280px\" \/><figcaption>Nadja Haddad, Presidente do Fundo Social de Solidariedade de Cajamar &#8211; Foto: Secretaria de Moderniza\u00e7\u00e3o e Comunica\u00e7\u00e3o.<\/figcaption><\/figure>\n\n\n\n<p>O Fundo Social de Solidariedade, em parceria com a Secretaria de Desenvolvimento Econ\u00f4mico, Ci\u00eancia, Tecnologia e Inova\u00e7\u00e3o, iniciou uma ampla campanha de arrecada\u00e7\u00e3o de alimentos em estabelecimentos comerciais da cidade. Mais de 30 supermercados e lojas de diversos pontos aderiram \u00e0 a\u00e7\u00e3o. A cada dois itens doados, o cliente recebe uma m\u00e1scara de tecido confeccionada por costureiras de Cajamar e tamb\u00e9m pela equipe do Fundo Social.<\/p>\n\n\n\n<figure class=\"wp-block-image\"><img decoding=\"async\" width=\"1280\" height=\"960\" src=\"https:\/\/cajamar.sp.gov.br\/noticias\/wp-content\/uploads\/sites\/2\/2020\/05\/fundo-1.jpeg\" alt=\"\" class=\"wp-image-23177\" srcset=\"https:\/\/cajamar.sp.gov.br\/noticias\/wp-content\/uploads\/sites\/2\/2020\/05\/fundo-1.jpeg 1280w, https:\/\/cajamar.sp.gov.br\/noticias\/wp-content\/uploads\/sites\/2\/2020\/05\/fundo-1-300x225.jpeg 300w, https:\/\/cajamar.sp.gov.br\/noticias\/wp-content\/uploads\/sites\/2\/2020\/05\/fundo-1-768x576.jpeg 768w\" sizes=\"(max-width: 1280px) 100vw, 1280px\" \/><figcaption> <br>A cada dois itens doados, o cliente recebe uma m\u00e1scara de tecido confeccionada por costureiras de Cajamar e tamb\u00e9m pela equipe do Fundo Social. <\/figcaption><\/figure>\n\n\n\n<p>Os alimentos recolhidos ser\u00e3o transformados em cestas b\u00e1sicas que ser\u00e3o doadas a fam\u00edlias em vulnerabilidade social. Segundo Nadja Haddad, presidente do Fundo Social, o objetivo da a\u00e7\u00e3o \u00e9 manter o atendimento emergencial \u00e0 popula\u00e7\u00e3o, visto que, durante o per\u00edodo de pandemia, mais fam\u00edlias est\u00e3o precisando deste aux\u00edlio. \u201cQueremos contagiar as pessoas para colaborar. O problema existe e essa ades\u00e3o em massa mostra que juntos temos mais for\u00e7a. Com todo mundo contribuindo, teremos uma cesta de alimentos mais diversificada e nutritiva. Al\u00e9m de estimular o uso da m\u00e1scara\u201d, afirma.<\/p>\n\n\n\n<figure class=\"wp-block-image\"><img decoding=\"async\" width=\"720\" height=\"960\" src=\"https:\/\/cajamar.sp.gov.br\/noticias\/wp-content\/uploads\/sites\/2\/2020\/05\/fundo-2-720x960.jpg\" alt=\"\" class=\"wp-image-23178\" srcset=\"https:\/\/cajamar.sp.gov.br\/noticias\/wp-content\/uploads\/sites\/2\/2020\/05\/fundo-2-720x960.jpg 720w, https:\/\/cajamar.sp.gov.br\/noticias\/wp-content\/uploads\/sites\/2\/2020\/05\/fundo-2-768x1024.jpg 768w, https:\/\/cajamar.sp.gov.br\/noticias\/wp-content\/uploads\/sites\/2\/2020\/05\/fundo-2.jpg 1200w\" sizes=\"(max-width: 720px) 100vw, 720px\" \/><figcaption> <br>Com todo mundo contribuindo, teremos uma cesta de alimentos mais diversificada e nutritiva. Al\u00e9m de estimular o uso da m\u00e1scara\u201d, Nadja Haddad &#8211; Presidente do Fundo Social de Solidariedade de Cajamar.<\/figcaption><\/figure>\n\n\n\n<p>Veja a lista dos estabelecimentos participantes:<\/p>\n\n\n\n<p><strong>Casa S\u00e3o Pedro<\/strong> \u2013 Av. Tenente Marques, 2965 \u2013 Polvilho<br> <strong>Mercadinho Villa Azul<\/strong> &#8211; Rua Alexandrino Pinto da Silva, 199 \u2013 Cajamar<br> <strong>Assim Atacadista<\/strong> &#8211; Rua Lazaro Dalcin, 72 \u2013 Cajamar<br> <strong>Ponto Certo (Centro)<\/strong> &#8211; Rua Alexandrino Pinto da Silva, 86 \u2013 Cajamar<br> <strong>Mercearia Takkii<\/strong> &#8211; Rua Barra do Turvo, 202 \u2013 Gaturinho<br> <strong>Padaria P\u00e3o \u00e9 Mais<\/strong> &#8211; Rua Jose Marques Ribeiro, 668 \u2013 Gaturinho<br><strong> Emp\u00f3rio Soares<\/strong>    &#8211; Av. Domingos Alonso Lopes, 136 \u2013 Jordan\u00e9sia<br> <strong>Supermercado Jordanesia<\/strong> &#8211; Av. Jordano Mendes, 444 \u2013 Jordan\u00e9sia<br> <strong>Supermercado Caminho<\/strong> &#8211; R. Osvaldo de Lorenzi  \u2013 Jordan\u00e9sia<br> <strong>Supermercado Ramos<\/strong> &#8211; Av. Luiz Alli Fayrdin, 99 \u2013 Jordan\u00e9sia<br><strong> Supermercado Dia (Jordanesia)<\/strong>    &#8211; Av. Arnaldo Rojek, 151 \u2013 Jordan\u00e9sia<br><strong> Sol Supermercado<\/strong> &#8211; Av. Antonieta Pasquarelli \u2013 Jordan\u00e9sia<br> <strong>Mercadinho Do Romildo<\/strong> &#8211; Av. Jose Marques Ferreira, 204 \u2013 Jordan\u00e9sia<br> <strong>Mercadinho Panda<\/strong> &#8211; Rua Joanopolis, 277 \u2013 Jordan\u00e9sia<br> <strong>Mercado Emporio Jordanesia<\/strong> &#8211; Rua Antonio de Barros, 536 \u2013 Jordan\u00e9sia<br> <strong>Mercadinho Potiguar<\/strong> &#8211; Av. Pedro Celestino Leite Penteado, 781 \u2013 Jordan\u00e9sia<br> <strong>Mercadinho Colina Verde<\/strong> &#8211; Av. Aruja, 360 \u2013 Jordan\u00e9sia<br> <strong>Mercadinho Villa Azul (Polvilho)<\/strong> &#8211; Avenida Ten. Marqu\u00eas, 2435 \u2013 Polvilho<br> <strong>Mercado Paraiso<\/strong> &#8211; Antonio Carlos Paiva Camelo, 17 \u2013 Polvilho<br> <strong>Sonda Loja I<\/strong> &#8211;  Av. Jean Anastace Kovelis, 123 \u2013 Polvilho<br> <strong>Sonda Loja II<\/strong> &#8211; Avenida Ten. Marques, 2805 \u2013 Polvilho<br> <strong>Ipes Supermercado<\/strong> &#8211; R. das Amazonas, 448 \u2013 Polvilho<br> <strong>Ricoy (Polvilho)<\/strong> &#8211; Avenida Ten. Marqu\u00eas, 1400 \u2013 Polvilho<br> <strong>Supermercado Dia (Polvilho) <\/strong>&#8211; Av. Tenente Marques, 2386  \u2013 Polvilho<br> <strong>Renato Carnes (Polvilho) <\/strong>&#8211; Rua Iacanga, 14 \u2013 Polvilho<br> <strong>Mercadinho do China (Polvilho)<\/strong> &#8211; Rua Osvaldo Valejo, 100 \u2013 Polvilho<br> <strong>Sam Supermercado (Polvilho)<\/strong> &#8211; Rua Miguel Amund, 698 \u2013    Polvilho<br> <strong>Mercado da Pra\u00e7a<\/strong> &#8211; Av. das Palmeiras, 321 \u2013 Polvilho<br> <strong>Mercado Moura (Ponunduva)<\/strong> &#8211; R. Cuiab\u00e1, 12 \u2013 Ponunduva<br> <strong>Mercado Bom Pre\u00e7o (Ponunduva)<\/strong> &#8211; Rua Benedito Procopio Miss\u00e9, 444 \u2013 Ponunduva<br> <strong>Mercadinho da Vila (Ponunduva)<\/strong> &#8211; Rua Martinopolis, 01 \u2013 Ponunduva<br> <strong>Padaria Multiplica\u00e7\u00e3o dos P\u00e3es<\/strong> \u2013 Av. Jos\u00e9 Marques Ferreira, 873 \u2013 Parque S\u00e3o Roberto<\/p>\n","protected":false},"excerpt":{"rendered":"<p>Mais de 30 supermercados e lojas de diversos pontos do munic\u00edpio aderiram \u00e0 Campanha Todos por Cajamar, para ajudar as fam\u00edlias durante este per\u00edodo de pandemia.<\/p>\n","protected":false},"author":12,"featured_media":23175,"comment_status":"closed","ping_status":"closed","sticky":false,"template":"","format":"standard","meta":{"footnotes":""},"categories":[16],"tags":[],"posicao":[28],"class_list":["post-23174","post","type-post","status-publish","format-standard","has-post-thumbnail","hentry","category-fundo-social-cajamar","posicao-destaque"],"_links":{"self":[{"href":"https:\/\/cajamar.sp.gov.br\/noticias\/wp-json\/wp\/v2\/posts\/23174","targetHints":{"allow":["GET"]}}],"collection":[{"href":"https:\/\/cajamar.sp.gov.br\/noticias\/wp-json\/wp\/v2\/posts"}],"about":[{"href":"https:\/\/cajamar.sp.gov.br\/noticias\/wp-json\/wp\/v2\/types\/post"}],"author":[{"embeddable":true,"href":"https:\/\/cajamar.sp.gov.br\/noticias\/wp-json\/wp\/v2\/users\/12"}],"replies":[{"embeddable":true,"href":"https:\/\/cajamar.sp.gov.br\/noticias\/wp-json\/wp\/v2\/comments?post=23174"}],"version-history":[{"count":1,"href":"https:\/\/cajamar.sp.gov.br\/noticias\/wp-json\/wp\/v2\/posts\/23174\/revisions"}],"predecessor-version":[{"id":23179,"href":"https:\/\/cajamar.sp.gov.br\/noticias\/wp-json\/wp\/v2\/posts\/23174\/revisions\/23179"}],"wp:featuredmedia":[{"embeddable":true,"href":"https:\/\/cajamar.sp.gov.br\/noticias\/wp-json\/wp\/v2\/media\/23175"}],"wp:attachment":[{"href":"https:\/\/cajamar.sp.gov.br\/noticias\/wp-json\/wp\/v2\/media?parent=23174"}],"wp:term":[{"taxonomy":"category","embeddable":true,"href":"https:\/\/cajamar.sp.gov.br\/noticias\/wp-json\/wp\/v2\/categories?post=23174"},{"taxonomy":"post_tag","embeddable":true,"href":"https:\/\/cajamar.sp.gov.br\/noticias\/wp-json\/wp\/v2\/tags?post=23174"},{"taxonomy":"posicao","embeddable":true,"href":"https:\/\/cajamar.sp.gov.br\/noticias\/wp-json\/wp\/v2\/posicao?post=23174"}],"curies":[{"name":"wp","href":"https:\/\/api.w.org\/{rel}","templated":true}]}}