{"id":23250,"date":"2020-06-03T18:28:03","date_gmt":"2020-06-03T21:28:03","guid":{"rendered":"https:\/\/cajamar.sp.gov.br\/noticias\/?p=23250"},"modified":"2020-06-17T16:40:07","modified_gmt":"2020-06-17T19:40:07","slug":"campanha-de-vacinacao-contra-a-gripe-e-prorrogada-ate-30-de-junho","status":"publish","type":"post","link":"https:\/\/cajamar.sp.gov.br\/noticias\/2020\/06\/03\/campanha-de-vacinacao-contra-a-gripe-e-prorrogada-ate-30-de-junho\/","title":{"rendered":"Campanha de Vacina\u00e7\u00e3o contra a gripe \u00e9 prorrogada at\u00e9 30 de junho"},"content":{"rendered":"\n<figure class=\"wp-block-image\"><img fetchpriority=\"high\" decoding=\"async\" width=\"1072\" height=\"561\" src=\"https:\/\/cajamar.sp.gov.br\/noticias\/wp-content\/uploads\/sites\/2\/2020\/06\/screenshot_20200603-182417_trello.jpg\" alt=\"\" class=\"wp-image-23251\" srcset=\"https:\/\/cajamar.sp.gov.br\/noticias\/wp-content\/uploads\/sites\/2\/2020\/06\/screenshot_20200603-182417_trello.jpg 1072w, https:\/\/cajamar.sp.gov.br\/noticias\/wp-content\/uploads\/sites\/2\/2020\/06\/screenshot_20200603-182417_trello-768x402.jpg 768w\" sizes=\"(max-width: 1072px) 100vw, 1072px\" \/><figcaption>A vacina\u00e7\u00e3o dever\u00e1 ser agendada pelo TeleSa\u00fade &#8211; Foto: Secretaria Municipal de Moderniza\u00e7\u00e3o e Comunica\u00e7\u00e3o.  <\/figcaption><\/figure>\n\n\n\n<p>As pessoas pertencentes aos grupos priorit\u00e1rios, e ainda n\u00e3o se imunizaram contra a gripe, tem at\u00e9 o dia 30 de junho para fazer o agendamento. O Minist\u00e9rio da Sa\u00fade prorrogou a Campanha Nacional de Vacina\u00e7\u00e3o contra a Gripe (Influenza H1N1) em todo o pa\u00eds, em raz\u00e3o do baixo alcance da meta entre o p\u00fablico alvo. <\/p>\n\n\n\n<p>A campanha teve in\u00edcio no m\u00eas de mar\u00e7o e foi dividida em tr\u00eas fases. No munic\u00edpio de Cajamar, a Secretaria de Sa\u00fade atingiu a cobertura vacinal de 67,69% entre todos os grupos. Devido ao per\u00edodo de pandemia, \u00e9 necess\u00e1rio realizar o agendamento por telefone, para evitar aglomera\u00e7\u00f5es nas unidades de sa\u00fade.<\/p>\n\n\n\n<p>Se voc\u00ea estiver dentro dos p\u00fablicos alvos, ou conhecer algu\u00e9m que esteja, poder\u00e1 em contato com o Tele Sa\u00fade de Cajamar, dispon\u00edvel de segunda a segunda, das 8h \u00e0s 17h. Durante o atendimento, ser\u00e1 fornecido uma senha para ser vacinado na Unidade de Sa\u00fade mais pr\u00f3xima do endere\u00e7o.<\/p>\n\n\n\n<p>TeleSa\u00fade:<\/p>\n\n\n\n<p>150 | 4447-1233 | 4446-6330 | 4446-6818.<br>\nWHATSAPP: 11 99465-4332<\/p>\n\n\n\n<p>Em Cajamar, os grupos priorit\u00e1rios com menor alcance, at\u00e9 o momento s\u00e3o:<\/p>\n\n\n\n<ul class=\"wp-block-list\"><li>Crian\u00e7as de 6 meses a menores 6 anos (24,93% imunizados at\u00e9 o momento)<\/li><li>Gestantes (27,74% imunizados at\u00e9 o momento)    <\/li><li>Pu\u00e9rperas (34,16% imunizados at\u00e9 o momento)<\/li><li>Adultos de 55 a 59 anos (1,75% imunizados at\u00e9 o momento)<\/li><\/ul>\n\n\n\n<p>Lembrando que os demais p\u00fablicos alvos continuam sendo vacinados: Idosos, doentes cr\u00f4nicos, professores, caminhoneiros, motoristas e colaboradores do transporte p\u00fablico, profissional de sa\u00fade, ind\u00edgenas, pessoas com defici\u00eancia, popula\u00e7\u00e3o privada de liberdade, funcion\u00e1rios do sistema prisional, for\u00e7as de seguran\u00e7a e salvamento e trabalhadores portu\u00e1rios.<\/p>\n","protected":false},"excerpt":{"rendered":"<p>A campanha foi prorrogada em todo o pa\u00eds devido ao baixo alcance da meta entre o p\u00fablico alvo. Em Cajamar 67,69%, entre todos os grupos priorit\u00e1rios, foram imunizados at\u00e9 o momento.<\/p>\n","protected":false},"author":12,"featured_media":0,"comment_status":"closed","ping_status":"closed","sticky":false,"template":"","format":"standard","meta":{"footnotes":""},"categories":[2],"tags":[],"posicao":[28],"class_list":["post-23250","post","type-post","status-publish","format-standard","hentry","category-saude","posicao-destaque"],"_links":{"self":[{"href":"https:\/\/cajamar.sp.gov.br\/noticias\/wp-json\/wp\/v2\/posts\/23250","targetHints":{"allow":["GET"]}}],"collection":[{"href":"https:\/\/cajamar.sp.gov.br\/noticias\/wp-json\/wp\/v2\/posts"}],"about":[{"href":"https:\/\/cajamar.sp.gov.br\/noticias\/wp-json\/wp\/v2\/types\/post"}],"author":[{"embeddable":true,"href":"https:\/\/cajamar.sp.gov.br\/noticias\/wp-json\/wp\/v2\/users\/12"}],"replies":[{"embeddable":true,"href":"https:\/\/cajamar.sp.gov.br\/noticias\/wp-json\/wp\/v2\/comments?post=23250"}],"version-history":[{"count":1,"href":"https:\/\/cajamar.sp.gov.br\/noticias\/wp-json\/wp\/v2\/posts\/23250\/revisions"}],"predecessor-version":[{"id":23252,"href":"https:\/\/cajamar.sp.gov.br\/noticias\/wp-json\/wp\/v2\/posts\/23250\/revisions\/23252"}],"wp:attachment":[{"href":"https:\/\/cajamar.sp.gov.br\/noticias\/wp-json\/wp\/v2\/media?parent=23250"}],"wp:term":[{"taxonomy":"category","embeddable":true,"href":"https:\/\/cajamar.sp.gov.br\/noticias\/wp-json\/wp\/v2\/categories?post=23250"},{"taxonomy":"post_tag","embeddable":true,"href":"https:\/\/cajamar.sp.gov.br\/noticias\/wp-json\/wp\/v2\/tags?post=23250"},{"taxonomy":"posicao","embeddable":true,"href":"https:\/\/cajamar.sp.gov.br\/noticias\/wp-json\/wp\/v2\/posicao?post=23250"}],"curies":[{"name":"wp","href":"https:\/\/api.w.org\/{rel}","templated":true}]}}