{"id":23370,"date":"2020-06-10T19:40:34","date_gmt":"2020-06-10T22:40:34","guid":{"rendered":"https:\/\/cajamar.sp.gov.br\/noticias\/?p=23370"},"modified":"2020-06-10T20:42:39","modified_gmt":"2020-06-10T23:42:39","slug":"cajamar-iniciara-retomada-consciente-do-comercio-a-partir-de-15-de-junho","status":"publish","type":"post","link":"https:\/\/cajamar.sp.gov.br\/noticias\/2020\/06\/10\/cajamar-iniciara-retomada-consciente-do-comercio-a-partir-de-15-de-junho\/","title":{"rendered":"Cajamar iniciar\u00e1 retomada consciente do com\u00e9rcio a partir de 15 de junho"},"content":{"rendered":"\n<figure class=\"wp-block-image\"><img fetchpriority=\"high\" decoding=\"async\" width=\"1280\" height=\"720\" src=\"https:\/\/cajamar.sp.gov.br\/noticias\/wp-content\/uploads\/sites\/2\/2020\/06\/capa-site-1280x720.png\" alt=\"\" class=\"wp-image-23372\" srcset=\"https:\/\/cajamar.sp.gov.br\/noticias\/wp-content\/uploads\/sites\/2\/2020\/06\/capa-site-1280x720.png 1280w, https:\/\/cajamar.sp.gov.br\/noticias\/wp-content\/uploads\/sites\/2\/2020\/06\/capa-site-768x432.png 768w, https:\/\/cajamar.sp.gov.br\/noticias\/wp-content\/uploads\/sites\/2\/2020\/06\/capa-site.png 1920w\" sizes=\"(max-width: 1280px) 100vw, 1280px\" \/><\/figure>\n\n\n\n<p>A retomada das medidas restritivas da quarentena ser\u00e1 feita de maneira gradual, dividida por fases. A partir da pr\u00f3xima segunda-feira (15), o munic\u00edpio de Cajamar, que se manteve na fase 1 (fase vermelha) at\u00e9 o momento, ir\u00e1 ingressar para a fase 2 (fase laranja). Ou seja, manteremos a quarentena, por\u00e9m, com o retorno parcial de algumas atividades econ\u00f4micas no munic\u00edpio.<\/p>\n\n\n\n<p>Ser\u00e1 uma retomada consciente e os munic\u00edpios permanecer\u00e3o sendo monitorados para que ocorra o avan\u00e7o plano de flexibiliza\u00e7\u00e3o. \u00c9 importante a colabora\u00e7\u00e3o conjunta entre a popula\u00e7\u00e3o e os com\u00e9rcios para que as regras sejam respeitadas, haja vista que, caso ocorra um relaxamento al\u00e9m do esperado, o munic\u00edpio poder\u00e1 retornar para o endurecimento de medidas restritivas.<\/p>\n\n\n\n<p>A princ\u00edpio, o munic\u00edpio de Cajamar seguir\u00e1 na fase 2 entre no per\u00edodo de 15\/06 ao dia 28\/06. \u00c9 preciso manter a responsabilidade em rela\u00e7\u00e3o aos cuidados com o uso de m\u00e1scaras de prote\u00e7\u00e3o facial, uso de \u00e1lcool em gel e evitar aglomera\u00e7\u00f5es em ambientes fechados, para que o munic\u00edpio consiga avan\u00e7ar para as pr\u00f3ximas fases e autorizar a abertura de novas categorias.<\/p>\n\n\n\n<h3 class=\"wp-block-heading\">O que poder\u00e1 funcionar em Cajamar a partir da pr\u00f3xima segunda-feira (15)?<\/h3>\n\n\n\n<p>Cajamar iniciar\u00e1 a fase 2. Nela, podem voltar a funcionar, com restri\u00e7\u00f5es, os estabelecimentos que seguirem as devidas recomenda\u00e7\u00f5es de distanciamento e demais recomenda\u00e7\u00f5es, de acordo com a categoria. A partir de segunda-feira (15), estar\u00e1 autorizado a abertura de: <\/p>\n\n\n\n<p><strong>SHOPPINGS<\/strong><\/p>\n\n\n\n<ul class=\"wp-block-list\"><li>Hor\u00e1rio de funcionamento das 9h \u00e0s 18h;<\/li><li>Limitar a entrada e perman\u00eancia de pessoas a 20% da capacidade do estabelecimento;<\/li><li>Limitar vagas dispon\u00edveis (20% do total), com distanciamento de ve\u00edculos no estacionamento;<\/li><li>EPI obrigat\u00f3rio para os funcion\u00e1rios e m\u00e1scaras faciais para os clientes;<\/li><li>Disponibilizar \u00e1lcool em gel 70% para higieniza\u00e7\u00e3o das m\u00e3os, e seguir medidas rigorosas de limpeza;<\/li><li>Pra\u00e7a de Alimenta\u00e7\u00e3o permanecer\u00e1 fechada.<\/li><\/ul>\n\n\n\n<p><strong>COM\u00c9RCIOS E LOJAS DE DEPARTAMENTO<\/strong><\/p>\n\n\n\n<ul class=\"wp-block-list\"><li>Hor\u00e1rio de funcionamento das 9h \u00e0s 18h<\/li><li>Limitar a entrada e perman\u00eancia de pessoas a 20% da capacidade do estabelecimento,<\/li><li>EPI obrigat\u00f3rio para os funcion\u00e1rios e m\u00e1scaras faciais para os clientes;<\/li><li>Disponibilizar \u00e1lcool em gel 70% para higieniza\u00e7\u00e3o das m\u00e3os, e seguir medidas rigorosas de limpeza.<\/li><li>Provadores dever\u00e3o permanecer fechados;<\/li><li>Os estabelecimentos de cosm\u00e9ticos ficam proibidos de ter mostru\u00e1rio expostos;<\/li><\/ul>\n\n\n\n<p><strong>CONCESSION\u00c1RIAS E REVENDAS DE VE\u00cdCULOS <\/strong><\/p>\n\n\n\n<ul class=\"wp-block-list\"><li>Hor\u00e1rio de funcionamento das 9h \u00e0s 18h;<\/li><li>Limitar a entrada e perman\u00eancia de pessoas a 20% da capacidade do estabelecimento;<\/li><li>Disponibilizar \u00e1lcool em gel 70% para higieniza\u00e7\u00e3o das m\u00e3os;<\/li><li>Uso obrigat\u00f3rio de m\u00e1scaras faciais para colaboradores e clientes;<\/li><li>Atendimentos preferencialmente mediante agendamento pr\u00e9vio;<\/li><li>Disponibilizar o atendimento preferencial das 7h \u00e0s 9h, para as pessoas que comp\u00f5em o grupo de risco.<\/li><\/ul>\n\n\n\n<p><strong>ATIVIDADES IMOBILI\u00c1RIAS<\/strong><\/p>\n\n\n\n<ul class=\"wp-block-list\"><li>Hor\u00e1rio de funcionamento das 9h \u00e0s 18h;<\/li><li>Limitar a entrada e perman\u00eancia de pessoas a 20% da capacidade do estabelecimento;<\/li><li>Disponibilizar \u00e1lcool em gel 70% para higieniza\u00e7\u00e3o das m\u00e3os;<\/li><li>Uso obrigat\u00f3rio de m\u00e1scaras faciais para colaboradores e clientes;<\/li><li>Atendimentos preferencialmente mediante agendamento pr\u00e9vio;<\/li><li>Disponibilizar o atendimento preferencial das 7h \u00e0s 9h, para as pessoas que comp\u00f5em o grupo de risco;<\/li><li>Visitas de somente uma fam\u00edlia por vez a im\u00f3veis, somente mediante agendamento pr\u00e9vio;<\/li><li>Realiza\u00e7\u00e3o de vistorias em im\u00f3veis somente quando for imprescind\u00edvel, adotadas todas as precau\u00e7\u00f5es de distanciamento e uso de equipamentos de prote\u00e7\u00e3o.<\/li><\/ul>\n\n\n\n<p><strong>ESCRIT\u00d3RIOS<\/strong><\/p>\n\n\n\n<ul class=\"wp-block-list\"><li>Hor\u00e1rio de funcionamento das 9h \u00e0s 18h;<\/li><li>Limitar a entrada e perman\u00eancia de pessoas a 20% da capacidade do estabelecimento;<\/li><li>Disponibilizar \u00e1lcool em gel 70% para higieniza\u00e7\u00e3o das m\u00e3os;<\/li><li>Uso obrigat\u00f3rio de m\u00e1scaras faciais para colaboradores e clientes;<\/li><li>Atendimentos preferencialmente mediante agendamento pr\u00e9vio;<\/li><li>Disponibilizar o atendimento preferencial das 7h \u00e0s 9h, para as pessoas que comp\u00f5em o grupo de risco;<\/li><li>Restri\u00e7\u00e3o a aglomera\u00e7\u00f5es em espa\u00e7os comuns;<\/li><li>Prioriza\u00e7\u00e3o de reuni\u00f5es virtuais.<\/li><\/ul>\n\n\n\n<p>Acompanhe todas as atualiza\u00e7\u00f5es pelo site <a href=\"http:\/\/www.coronavirus.cajamar.sp.gov.br\/retomacajamar\">coronavirus.cajamar.sp.gov.br\/retomacajamar<\/a><\/p>\n\n\n\n<ul class=\"wp-block-gallery columns-3 is-cropped wp-block-gallery-1 is-layout-flex wp-block-gallery-is-layout-flex\"><li class=\"blocks-gallery-item\"><figure><img decoding=\"async\" width=\"960\" height=\"960\" src=\"https:\/\/cajamar.sp.gov.br\/noticias\/wp-content\/uploads\/sites\/2\/2020\/06\/capa_flexibilizacao-960x960.png\" alt=\"\" data-id=\"23384\" data-link=\"https:\/\/cajamar.sp.gov.br\/noticias\/?attachment_id=23384\" class=\"wp-image-23384\" srcset=\"https:\/\/cajamar.sp.gov.br\/noticias\/wp-content\/uploads\/sites\/2\/2020\/06\/capa_flexibilizacao-960x960.png 960w, https:\/\/cajamar.sp.gov.br\/noticias\/wp-content\/uploads\/sites\/2\/2020\/06\/capa_flexibilizacao-100x100.png 100w, https:\/\/cajamar.sp.gov.br\/noticias\/wp-content\/uploads\/sites\/2\/2020\/06\/capa_flexibilizacao-768x768.png 768w, https:\/\/cajamar.sp.gov.br\/noticias\/wp-content\/uploads\/sites\/2\/2020\/06\/capa_flexibilizacao.png 1200w\" sizes=\"(max-width: 960px) 100vw, 960px\" \/><\/figure><\/li><li class=\"blocks-gallery-item\"><figure><img decoding=\"async\" width=\"960\" height=\"960\" src=\"https:\/\/cajamar.sp.gov.br\/noticias\/wp-content\/uploads\/sites\/2\/2020\/06\/base_texto-960x960.png\" alt=\"\" data-id=\"23387\" data-link=\"https:\/\/cajamar.sp.gov.br\/noticias\/?attachment_id=23387\" class=\"wp-image-23387\" srcset=\"https:\/\/cajamar.sp.gov.br\/noticias\/wp-content\/uploads\/sites\/2\/2020\/06\/base_texto-960x960.png 960w, https:\/\/cajamar.sp.gov.br\/noticias\/wp-content\/uploads\/sites\/2\/2020\/06\/base_texto-100x100.png 100w, https:\/\/cajamar.sp.gov.br\/noticias\/wp-content\/uploads\/sites\/2\/2020\/06\/base_texto-768x768.png 768w, https:\/\/cajamar.sp.gov.br\/noticias\/wp-content\/uploads\/sites\/2\/2020\/06\/base_texto.png 1200w\" sizes=\"(max-width: 960px) 100vw, 960px\" \/><\/figure><\/li><li class=\"blocks-gallery-item\"><figure><img loading=\"lazy\" decoding=\"async\" width=\"960\" height=\"960\" src=\"https:\/\/cajamar.sp.gov.br\/noticias\/wp-content\/uploads\/sites\/2\/2020\/06\/post_concessionarias-960x960.png\" alt=\"\" data-id=\"23380\" data-link=\"https:\/\/cajamar.sp.gov.br\/noticias\/?attachment_id=23380\" class=\"wp-image-23380\" srcset=\"https:\/\/cajamar.sp.gov.br\/noticias\/wp-content\/uploads\/sites\/2\/2020\/06\/post_concessionarias-960x960.png 960w, https:\/\/cajamar.sp.gov.br\/noticias\/wp-content\/uploads\/sites\/2\/2020\/06\/post_concessionarias-100x100.png 100w, https:\/\/cajamar.sp.gov.br\/noticias\/wp-content\/uploads\/sites\/2\/2020\/06\/post_concessionarias-768x768.png 768w, https:\/\/cajamar.sp.gov.br\/noticias\/wp-content\/uploads\/sites\/2\/2020\/06\/post_concessionarias.png 1080w\" sizes=\"(max-width: 960px) 100vw, 960px\" \/><\/figure><\/li><li class=\"blocks-gallery-item\"><figure><img loading=\"lazy\" decoding=\"async\" width=\"960\" height=\"960\" src=\"https:\/\/cajamar.sp.gov.br\/noticias\/wp-content\/uploads\/sites\/2\/2020\/06\/post_atividades_imobiliarias-960x960.png\" alt=\"\" data-id=\"23379\" data-link=\"https:\/\/cajamar.sp.gov.br\/noticias\/?attachment_id=23379\" class=\"wp-image-23379\" srcset=\"https:\/\/cajamar.sp.gov.br\/noticias\/wp-content\/uploads\/sites\/2\/2020\/06\/post_atividades_imobiliarias-960x960.png 960w, https:\/\/cajamar.sp.gov.br\/noticias\/wp-content\/uploads\/sites\/2\/2020\/06\/post_atividades_imobiliarias-100x100.png 100w, https:\/\/cajamar.sp.gov.br\/noticias\/wp-content\/uploads\/sites\/2\/2020\/06\/post_atividades_imobiliarias-768x768.png 768w, https:\/\/cajamar.sp.gov.br\/noticias\/wp-content\/uploads\/sites\/2\/2020\/06\/post_atividades_imobiliarias.png 1080w\" sizes=\"(max-width: 960px) 100vw, 960px\" \/><\/figure><\/li><li class=\"blocks-gallery-item\"><figure><img loading=\"lazy\" decoding=\"async\" width=\"960\" height=\"960\" src=\"https:\/\/cajamar.sp.gov.br\/noticias\/wp-content\/uploads\/sites\/2\/2020\/06\/post_escritorio-960x960.png\" alt=\"\" data-id=\"23378\" data-link=\"https:\/\/cajamar.sp.gov.br\/noticias\/?attachment_id=23378\" class=\"wp-image-23378\" srcset=\"https:\/\/cajamar.sp.gov.br\/noticias\/wp-content\/uploads\/sites\/2\/2020\/06\/post_escritorio-960x960.png 960w, https:\/\/cajamar.sp.gov.br\/noticias\/wp-content\/uploads\/sites\/2\/2020\/06\/post_escritorio-100x100.png 100w, https:\/\/cajamar.sp.gov.br\/noticias\/wp-content\/uploads\/sites\/2\/2020\/06\/post_escritorio-768x768.png 768w, https:\/\/cajamar.sp.gov.br\/noticias\/wp-content\/uploads\/sites\/2\/2020\/06\/post_escritorio.png 1080w\" sizes=\"(max-width: 960px) 100vw, 960px\" \/><\/figure><\/li><li class=\"blocks-gallery-item\"><figure><img loading=\"lazy\" decoding=\"async\" width=\"960\" height=\"960\" src=\"https:\/\/cajamar.sp.gov.br\/noticias\/wp-content\/uploads\/sites\/2\/2020\/06\/post_shoppings-960x960.png\" alt=\"\" data-id=\"23377\" data-link=\"https:\/\/cajamar.sp.gov.br\/noticias\/?attachment_id=23377\" class=\"wp-image-23377\" srcset=\"https:\/\/cajamar.sp.gov.br\/noticias\/wp-content\/uploads\/sites\/2\/2020\/06\/post_shoppings-960x960.png 960w, https:\/\/cajamar.sp.gov.br\/noticias\/wp-content\/uploads\/sites\/2\/2020\/06\/post_shoppings-100x100.png 100w, https:\/\/cajamar.sp.gov.br\/noticias\/wp-content\/uploads\/sites\/2\/2020\/06\/post_shoppings-768x768.png 768w, https:\/\/cajamar.sp.gov.br\/noticias\/wp-content\/uploads\/sites\/2\/2020\/06\/post_shoppings.png 1080w\" sizes=\"(max-width: 960px) 100vw, 960px\" \/><\/figure><\/li><li class=\"blocks-gallery-item\"><figure><img loading=\"lazy\" decoding=\"async\" width=\"960\" height=\"960\" src=\"https:\/\/cajamar.sp.gov.br\/noticias\/wp-content\/uploads\/sites\/2\/2020\/06\/post_comercios-960x960.png\" alt=\"\" data-id=\"23376\" data-link=\"https:\/\/cajamar.sp.gov.br\/noticias\/?attachment_id=23376\" class=\"wp-image-23376\" srcset=\"https:\/\/cajamar.sp.gov.br\/noticias\/wp-content\/uploads\/sites\/2\/2020\/06\/post_comercios-960x960.png 960w, https:\/\/cajamar.sp.gov.br\/noticias\/wp-content\/uploads\/sites\/2\/2020\/06\/post_comercios-100x100.png 100w, https:\/\/cajamar.sp.gov.br\/noticias\/wp-content\/uploads\/sites\/2\/2020\/06\/post_comercios-768x768.png 768w, https:\/\/cajamar.sp.gov.br\/noticias\/wp-content\/uploads\/sites\/2\/2020\/06\/post_comercios.png 1080w\" sizes=\"(max-width: 960px) 100vw, 960px\" \/><\/figure><\/li><li class=\"blocks-gallery-item\"><figure><img loading=\"lazy\" decoding=\"async\" width=\"960\" height=\"960\" src=\"https:\/\/cajamar.sp.gov.br\/noticias\/wp-content\/uploads\/sites\/2\/2020\/06\/post_industria_nao_essencial-960x960.png\" alt=\"\" data-id=\"23385\" data-link=\"https:\/\/cajamar.sp.gov.br\/noticias\/?attachment_id=23385\" class=\"wp-image-23385\" srcset=\"https:\/\/cajamar.sp.gov.br\/noticias\/wp-content\/uploads\/sites\/2\/2020\/06\/post_industria_nao_essencial-960x960.png 960w, https:\/\/cajamar.sp.gov.br\/noticias\/wp-content\/uploads\/sites\/2\/2020\/06\/post_industria_nao_essencial-100x100.png 100w, https:\/\/cajamar.sp.gov.br\/noticias\/wp-content\/uploads\/sites\/2\/2020\/06\/post_industria_nao_essencial-768x768.png 768w, https:\/\/cajamar.sp.gov.br\/noticias\/wp-content\/uploads\/sites\/2\/2020\/06\/post_industria_nao_essencial.png 1080w\" sizes=\"(max-width: 960px) 100vw, 960px\" \/><\/figure><\/li><li class=\"blocks-gallery-item\"><figure><img loading=\"lazy\" decoding=\"async\" width=\"960\" height=\"960\" src=\"https:\/\/cajamar.sp.gov.br\/noticias\/wp-content\/uploads\/sites\/2\/2020\/06\/post_construcao_civil-960x960.png\" alt=\"\" data-id=\"23386\" data-link=\"https:\/\/cajamar.sp.gov.br\/noticias\/?attachment_id=23386\" class=\"wp-image-23386\" srcset=\"https:\/\/cajamar.sp.gov.br\/noticias\/wp-content\/uploads\/sites\/2\/2020\/06\/post_construcao_civil-960x960.png 960w, https:\/\/cajamar.sp.gov.br\/noticias\/wp-content\/uploads\/sites\/2\/2020\/06\/post_construcao_civil-100x100.png 100w, https:\/\/cajamar.sp.gov.br\/noticias\/wp-content\/uploads\/sites\/2\/2020\/06\/post_construcao_civil-768x768.png 768w, https:\/\/cajamar.sp.gov.br\/noticias\/wp-content\/uploads\/sites\/2\/2020\/06\/post_construcao_civil.png 1080w\" sizes=\"(max-width: 960px) 100vw, 960px\" \/><\/figure><\/li><\/ul>\n","protected":false},"excerpt":{"rendered":"<p>A retomada das medidas restritivas da quarentena ser\u00e1 feita de maneira gradual, dividida por fases. <\/p>\n","protected":false},"author":7,"featured_media":23372,"comment_status":"closed","ping_status":"closed","sticky":false,"template":"","format":"standard","meta":{"footnotes":""},"categories":[34],"tags":[],"posicao":[28],"class_list":["post-23370","post","type-post","status-publish","format-standard","has-post-thumbnail","hentry","category-coronavirus","posicao-destaque"],"_links":{"self":[{"href":"https:\/\/cajamar.sp.gov.br\/noticias\/wp-json\/wp\/v2\/posts\/23370","targetHints":{"allow":["GET"]}}],"collection":[{"href":"https:\/\/cajamar.sp.gov.br\/noticias\/wp-json\/wp\/v2\/posts"}],"about":[{"href":"https:\/\/cajamar.sp.gov.br\/noticias\/wp-json\/wp\/v2\/types\/post"}],"author":[{"embeddable":true,"href":"https:\/\/cajamar.sp.gov.br\/noticias\/wp-json\/wp\/v2\/users\/7"}],"replies":[{"embeddable":true,"href":"https:\/\/cajamar.sp.gov.br\/noticias\/wp-json\/wp\/v2\/comments?post=23370"}],"version-history":[{"count":4,"href":"https:\/\/cajamar.sp.gov.br\/noticias\/wp-json\/wp\/v2\/posts\/23370\/revisions"}],"predecessor-version":[{"id":23388,"href":"https:\/\/cajamar.sp.gov.br\/noticias\/wp-json\/wp\/v2\/posts\/23370\/revisions\/23388"}],"wp:featuredmedia":[{"embeddable":true,"href":"https:\/\/cajamar.sp.gov.br\/noticias\/wp-json\/wp\/v2\/media\/23372"}],"wp:attachment":[{"href":"https:\/\/cajamar.sp.gov.br\/noticias\/wp-json\/wp\/v2\/media?parent=23370"}],"wp:term":[{"taxonomy":"category","embeddable":true,"href":"https:\/\/cajamar.sp.gov.br\/noticias\/wp-json\/wp\/v2\/categories?post=23370"},{"taxonomy":"post_tag","embeddable":true,"href":"https:\/\/cajamar.sp.gov.br\/noticias\/wp-json\/wp\/v2\/tags?post=23370"},{"taxonomy":"posicao","embeddable":true,"href":"https:\/\/cajamar.sp.gov.br\/noticias\/wp-json\/wp\/v2\/posicao?post=23370"}],"curies":[{"name":"wp","href":"https:\/\/api.w.org\/{rel}","templated":true}]}}