{"id":23389,"date":"2020-06-11T11:55:38","date_gmt":"2020-06-11T14:55:38","guid":{"rendered":"https:\/\/cajamar.sp.gov.br\/noticias\/?p=23389"},"modified":"2020-06-17T16:40:07","modified_gmt":"2020-06-17T19:40:07","slug":"ambiente-mais-alegre-medicos-e-enfermeiros-que-trabalham-no-combate-ao-coronavirus-usam-epis-coloridos","status":"publish","type":"post","link":"https:\/\/cajamar.sp.gov.br\/noticias\/2020\/06\/11\/ambiente-mais-alegre-medicos-e-enfermeiros-que-trabalham-no-combate-ao-coronavirus-usam-epis-coloridos\/","title":{"rendered":"Ambiente mais alegre: M\u00e9dicos e enfermeiros que trabalham no combate ao coronav\u00edrus usam EPIs coloridos"},"content":{"rendered":"\n<figure class=\"wp-block-image\"><img fetchpriority=\"high\" decoding=\"async\" width=\"1063\" height=\"720\" src=\"https:\/\/cajamar.sp.gov.br\/noticias\/wp-content\/uploads\/sites\/2\/2020\/06\/screenshot_20200611-114020_trello.jpg\" alt=\"\" class=\"wp-image-23390\" srcset=\"https:\/\/cajamar.sp.gov.br\/noticias\/wp-content\/uploads\/sites\/2\/2020\/06\/screenshot_20200611-114020_trello.jpg 1063w, https:\/\/cajamar.sp.gov.br\/noticias\/wp-content\/uploads\/sites\/2\/2020\/06\/screenshot_20200611-114020_trello-768x520.jpg 768w\" sizes=\"(max-width: 1063px) 100vw, 1063px\" \/><figcaption>Profissionais de sa\u00fade do Centro M\u00e9dico de Combate ao Coronav\u00edrus de Cajamar receberam macac\u00f5es de prote\u00e7\u00e3o com cores variadas, com o intuito de promover uma rotina mais leve e descontra\u00edda aos pacientes internados &#8211; Foto: Secretaria Municipal de Moderniza\u00e7\u00e3o e Comunica\u00e7\u00e3o.<\/figcaption><\/figure>\n\n\n\n<p>A partir dessa semana, o ambiente do Centro M\u00e9dico de Combate ao Coronav\u00edrus, localizado ao lado do Hospital Municipal Enfermeiro Ant\u00f4nio Policarpo de Oliveira, ficar\u00e1 mais colorido. Nesta segunda-feira (08), a equipe de profissionais de Sa\u00fade ganhou macac\u00f5es de prote\u00e7\u00e3o com cores variadas para utilizar, com o intuito de promover uma rotina mais leve e descontra\u00edda aos pacientes.<\/p>\n\n\n\n<figure class=\"wp-block-image\"><img decoding=\"async\" width=\"1079\" height=\"713\" src=\"https:\/\/cajamar.sp.gov.br\/noticias\/wp-content\/uploads\/sites\/2\/2020\/06\/screenshot_20200611-114057_trello.jpg\" alt=\"\" class=\"wp-image-23392\" srcset=\"https:\/\/cajamar.sp.gov.br\/noticias\/wp-content\/uploads\/sites\/2\/2020\/06\/screenshot_20200611-114057_trello.jpg 1079w, https:\/\/cajamar.sp.gov.br\/noticias\/wp-content\/uploads\/sites\/2\/2020\/06\/screenshot_20200611-114057_trello-768x507.jpg 768w\" sizes=\"(max-width: 1079px) 100vw, 1079px\" \/><figcaption>Dra. Jaqueline (Color &amp; Co), N\u00e1dia Haddad (Presidente do Fundo Social de Solidariedade), Dra. Fl\u00e1via (Color &amp; Co) e Dra. Patr\u00edcia Haddad (Secretaria de Sa\u00fade)<\/figcaption><\/figure>\n\n\n\n<p>A iniciativa \u00e9 uma parceria entre a Secretaria de Sa\u00fade, o Fundo Social de Solidariedade e a empresa Color &amp; Co, que fez as doa\u00e7\u00f5es dos EPIs coloridos. O projeto foi idealizado por duas cirurgi\u00e3s dentistas, Dra. Jaqueline e a Dra. Fl\u00e1via, que fazem uso do equipamento e, devido \u00e0 escassez de EPIs durante a pandemia, tiveram a ideia de confeccionar um modelo diferenciado, e ainda, compartilhar com seus colegas. <\/p>\n\n\n\n<figure class=\"wp-block-image\"><img decoding=\"async\" width=\"1080\" height=\"609\" src=\"https:\/\/cajamar.sp.gov.br\/noticias\/wp-content\/uploads\/sites\/2\/2020\/06\/screenshot_20200611-114128_trello.jpg\" alt=\"\" class=\"wp-image-23393\" srcset=\"https:\/\/cajamar.sp.gov.br\/noticias\/wp-content\/uploads\/sites\/2\/2020\/06\/screenshot_20200611-114128_trello.jpg 1080w, https:\/\/cajamar.sp.gov.br\/noticias\/wp-content\/uploads\/sites\/2\/2020\/06\/screenshot_20200611-114128_trello-768x433.jpg 768w\" sizes=\"(max-width: 1080px) 100vw, 1080px\" \/><figcaption>Profissionais de sa\u00fade do Centro M\u00e9dico de Combate ao Coronav\u00edrus de Cajamar. <\/figcaption><\/figure>\n\n\n\n<p>\u201cNum ambiente tenso, onde todos lutam contra a pandemia, as cores trazem mais vida, mais energia positiva e um novo olhar, com mais esperan\u00e7a e alegria! Em nome da cidade e representando o Fundo Social, agrade\u00e7o a Dra. Jaqueline e a Dra. Fl\u00e1via que tiveram a ideia de confeccionar esses macac\u00f5es. Contrataram costureiras da comunidade da \u00c1gua Fria que estavam sem emprego e todas colocaram a \u2018m\u00e3o na massa\u2019 e ainda voltaram a ter renda\u201d, destaca Nadja Haddad, presidente do Fundo Social de Solidariedade.<\/p>\n\n\n\n<figure class=\"wp-block-image\"><img loading=\"lazy\" decoding=\"async\" width=\"1080\" height=\"711\" src=\"https:\/\/cajamar.sp.gov.br\/noticias\/wp-content\/uploads\/sites\/2\/2020\/06\/screenshot_20200611-114154_trello-1.jpg\" alt=\"\" class=\"wp-image-23394\" srcset=\"https:\/\/cajamar.sp.gov.br\/noticias\/wp-content\/uploads\/sites\/2\/2020\/06\/screenshot_20200611-114154_trello-1.jpg 1080w, https:\/\/cajamar.sp.gov.br\/noticias\/wp-content\/uploads\/sites\/2\/2020\/06\/screenshot_20200611-114154_trello-1-768x506.jpg 768w\" sizes=\"(max-width: 1080px) 100vw, 1080px\" \/><figcaption>Doa\u00e7\u00e3o dos EPIs foi realizada no Centro M\u00e9dico de Combate ao Coronav\u00edrus.<\/figcaption><\/figure>\n\n\n\n<p>\u201cDurante a pandemia ficou ainda mais dif\u00edcil encontrar EPIs e resolvemos fazer um modelo que pudesse deixar o ambiente dos hospitais mais alegre, trazendo um pouco mais de cor neste momento t\u00e3o tenso, por conta do Covid-19. Sabemos que muitos pacientes ficam isolados, sem contato com a fam\u00edlia, e esse pequeno gesto pode ajudar a colorir o dia deles\u201d, comenta Dra. Fl\u00e1via, uma das s\u00f3cias do projeto.<\/p>\n\n\n\n<figure class=\"wp-block-image\"><img loading=\"lazy\" decoding=\"async\" width=\"1080\" height=\"709\" src=\"https:\/\/cajamar.sp.gov.br\/noticias\/wp-content\/uploads\/sites\/2\/2020\/06\/screenshot_20200611-114212_trello.jpg\" alt=\"\" class=\"wp-image-23395\" srcset=\"https:\/\/cajamar.sp.gov.br\/noticias\/wp-content\/uploads\/sites\/2\/2020\/06\/screenshot_20200611-114212_trello.jpg 1080w, https:\/\/cajamar.sp.gov.br\/noticias\/wp-content\/uploads\/sites\/2\/2020\/06\/screenshot_20200611-114212_trello-768x504.jpg 768w\" sizes=\"(max-width: 1080px) 100vw, 1080px\" \/><figcaption>Presidente do Fundo Social, N\u00e1dia Haddad recebeu a doa\u00e7\u00e3o dos EPIs, que foi repassada \u00e0 Secretaria de Sa\u00fade de Cajamar.<\/figcaption><\/figure>\n","protected":false},"excerpt":{"rendered":"<p>A novidade tem o intuito de promover uma rotina mais leve e descontra\u00edda aos pacientes que est\u00e3o na luta contra o coronav\u00edrus no Centro M\u00e9dico de Cajamar.<\/p>\n","protected":false},"author":12,"featured_media":23390,"comment_status":"closed","ping_status":"closed","sticky":false,"template":"","format":"standard","meta":{"footnotes":""},"categories":[34,2],"tags":[],"posicao":[28],"class_list":["post-23389","post","type-post","status-publish","format-standard","has-post-thumbnail","hentry","category-coronavirus","category-saude","posicao-destaque"],"_links":{"self":[{"href":"https:\/\/cajamar.sp.gov.br\/noticias\/wp-json\/wp\/v2\/posts\/23389","targetHints":{"allow":["GET"]}}],"collection":[{"href":"https:\/\/cajamar.sp.gov.br\/noticias\/wp-json\/wp\/v2\/posts"}],"about":[{"href":"https:\/\/cajamar.sp.gov.br\/noticias\/wp-json\/wp\/v2\/types\/post"}],"author":[{"embeddable":true,"href":"https:\/\/cajamar.sp.gov.br\/noticias\/wp-json\/wp\/v2\/users\/12"}],"replies":[{"embeddable":true,"href":"https:\/\/cajamar.sp.gov.br\/noticias\/wp-json\/wp\/v2\/comments?post=23389"}],"version-history":[{"count":1,"href":"https:\/\/cajamar.sp.gov.br\/noticias\/wp-json\/wp\/v2\/posts\/23389\/revisions"}],"predecessor-version":[{"id":23396,"href":"https:\/\/cajamar.sp.gov.br\/noticias\/wp-json\/wp\/v2\/posts\/23389\/revisions\/23396"}],"wp:featuredmedia":[{"embeddable":true,"href":"https:\/\/cajamar.sp.gov.br\/noticias\/wp-json\/wp\/v2\/media\/23390"}],"wp:attachment":[{"href":"https:\/\/cajamar.sp.gov.br\/noticias\/wp-json\/wp\/v2\/media?parent=23389"}],"wp:term":[{"taxonomy":"category","embeddable":true,"href":"https:\/\/cajamar.sp.gov.br\/noticias\/wp-json\/wp\/v2\/categories?post=23389"},{"taxonomy":"post_tag","embeddable":true,"href":"https:\/\/cajamar.sp.gov.br\/noticias\/wp-json\/wp\/v2\/tags?post=23389"},{"taxonomy":"posicao","embeddable":true,"href":"https:\/\/cajamar.sp.gov.br\/noticias\/wp-json\/wp\/v2\/posicao?post=23389"}],"curies":[{"name":"wp","href":"https:\/\/api.w.org\/{rel}","templated":true}]}}