{"id":23802,"date":"2020-07-02T07:53:21","date_gmt":"2020-07-02T10:53:21","guid":{"rendered":"https:\/\/cajamar.sp.gov.br\/noticias\/?p=23802"},"modified":"2020-07-02T09:23:46","modified_gmt":"2020-07-02T12:23:46","slug":"campanha-de-vacinacao-contra-a-gripe-e-prorrogada-e-estendida-para-todos","status":"publish","type":"post","link":"https:\/\/cajamar.sp.gov.br\/noticias\/2020\/07\/02\/campanha-de-vacinacao-contra-a-gripe-e-prorrogada-e-estendida-para-todos\/","title":{"rendered":"Campanha de Vacina\u00e7\u00e3o contra a gripe \u00e9 prorrogada e estendida para todos"},"content":{"rendered":"\n<p><\/p>\n\n\n\n<figure class=\"wp-block-gallery columns-1 is-cropped wp-block-gallery-1 is-layout-flex wp-block-gallery-is-layout-flex\"><ul class=\"blocks-gallery-grid\"><li class=\"blocks-gallery-item\"><figure><img fetchpriority=\"high\" decoding=\"async\" width=\"1200\" height=\"627\" src=\"https:\/\/cajamar.sp.gov.br\/noticias\/wp-content\/uploads\/sites\/2\/2020\/07\/site_campanha_h1n1-2.jpg\" alt=\"\" data-id=\"23803\" data-full-url=\"https:\/\/cajamar.sp.gov.br\/noticias\/wp-content\/uploads\/sites\/2\/2020\/07\/site_campanha_h1n1-2.jpg\" data-link=\"https:\/\/cajamar.sp.gov.br\/noticias\/?attachment_id=23803\" class=\"wp-image-23803\" srcset=\"https:\/\/cajamar.sp.gov.br\/noticias\/wp-content\/uploads\/sites\/2\/2020\/07\/site_campanha_h1n1-2.jpg 1200w, https:\/\/cajamar.sp.gov.br\/noticias\/wp-content\/uploads\/sites\/2\/2020\/07\/site_campanha_h1n1-2-768x401.jpg 768w\" sizes=\"(max-width: 1200px) 100vw, 1200px\" \/><figcaption class=\"blocks-gallery-item__caption\"><br><br><\/figcaption><\/figure><\/li><\/ul><figcaption class=\"blocks-gallery-caption\"> Foto: Secretaria Municipal de Moderniza\u00e7\u00e3o e Comunica\u00e7\u00e3o.<\/figcaption><\/figure>\n\n\n\n<p><\/p>\n\n\n\n<p><\/p>\n\n\n\n<p>Devido ao baixo alcance da meta entre o p\u00fablico alvo, a Campanha Nacional de Vacina\u00e7\u00e3o contra a Gripe (Influenza H1N1) foi prorrogada at\u00e9 o dia 24 de julho em todo o pa\u00eds. No munic\u00edpio de Cajamar, at\u00e9 o momento, a Secretaria de Sa\u00fade atingiu a cobertura vacinal de 76,88% entre todos os grupos priorit\u00e1rios.<\/p>\n\n\n\n<p>Em raz\u00e3o do per\u00edodo de pandemia, para se vacinar \u00e9 necess\u00e1rio realizar o agendamento pr\u00e9vio para evitar aglomera\u00e7\u00f5es nas unidades de sa\u00fade. Se voc\u00ea ainda n\u00e3o vacinou, poder\u00e1 entrar em contato com o Tele Sa\u00fade de Cajamar, dispon\u00edvel de segunda a segunda, das 8h \u00e0s 17h, para fazer o agendamento. Durante o atendimento, ser\u00e1 fornecido uma senha para ser vacinado na Unidade de Sa\u00fade mais pr\u00f3xima do endere\u00e7o.<\/p>\n\n\n\n<p>A partir de agora, a campanha passa a ser para todas faixas et\u00e1rias. A vacina\u00e7\u00e3o da Influenza n\u00e3o protege contra o coronav\u00edrus, mas \u00e9 uma maneira de resguardar os mais vulner\u00e1veis contra doen\u00e7as respirat\u00f3rias.<\/p>\n\n\n\n<p>TeleSa\u00fade:<\/p>\n\n\n\n<p>150 | 4447-1233 | 4446-6330 | 4446-6818.<br>WHATSAPP: 11 99465-4332<\/p>\n","protected":false},"excerpt":{"rendered":"<p>Devido ao baixo alcance da meta entre o p\u00fablico alvo, a campanha contra a gripe foi novamente prorrogada. A vacina\u00e7\u00e3o agora passa a ser para todas faixas et\u00e1rias.<\/p>\n","protected":false},"author":11,"featured_media":23803,"comment_status":"closed","ping_status":"closed","sticky":true,"template":"","format":"standard","meta":{"footnotes":""},"categories":[2],"tags":[],"posicao":[28],"class_list":["post-23802","post","type-post","status-publish","format-standard","has-post-thumbnail","hentry","category-saude","posicao-destaque"],"_links":{"self":[{"href":"https:\/\/cajamar.sp.gov.br\/noticias\/wp-json\/wp\/v2\/posts\/23802","targetHints":{"allow":["GET"]}}],"collection":[{"href":"https:\/\/cajamar.sp.gov.br\/noticias\/wp-json\/wp\/v2\/posts"}],"about":[{"href":"https:\/\/cajamar.sp.gov.br\/noticias\/wp-json\/wp\/v2\/types\/post"}],"author":[{"embeddable":true,"href":"https:\/\/cajamar.sp.gov.br\/noticias\/wp-json\/wp\/v2\/users\/11"}],"replies":[{"embeddable":true,"href":"https:\/\/cajamar.sp.gov.br\/noticias\/wp-json\/wp\/v2\/comments?post=23802"}],"version-history":[{"count":7,"href":"https:\/\/cajamar.sp.gov.br\/noticias\/wp-json\/wp\/v2\/posts\/23802\/revisions"}],"predecessor-version":[{"id":23814,"href":"https:\/\/cajamar.sp.gov.br\/noticias\/wp-json\/wp\/v2\/posts\/23802\/revisions\/23814"}],"wp:featuredmedia":[{"embeddable":true,"href":"https:\/\/cajamar.sp.gov.br\/noticias\/wp-json\/wp\/v2\/media\/23803"}],"wp:attachment":[{"href":"https:\/\/cajamar.sp.gov.br\/noticias\/wp-json\/wp\/v2\/media?parent=23802"}],"wp:term":[{"taxonomy":"category","embeddable":true,"href":"https:\/\/cajamar.sp.gov.br\/noticias\/wp-json\/wp\/v2\/categories?post=23802"},{"taxonomy":"post_tag","embeddable":true,"href":"https:\/\/cajamar.sp.gov.br\/noticias\/wp-json\/wp\/v2\/tags?post=23802"},{"taxonomy":"posicao","embeddable":true,"href":"https:\/\/cajamar.sp.gov.br\/noticias\/wp-json\/wp\/v2\/posicao?post=23802"}],"curies":[{"name":"wp","href":"https:\/\/api.w.org\/{rel}","templated":true}]}}