{"id":24434,"date":"2020-08-13T13:44:12","date_gmt":"2020-08-13T16:44:12","guid":{"rendered":"https:\/\/cajamar.sp.gov.br\/noticias\/?p=24434"},"modified":"2020-08-13T13:44:12","modified_gmt":"2020-08-13T16:44:12","slug":"projetos-da-secretaria-de-saude-de-cajamar-sao-destaques-nas-avaliacoes-do-governo-federal","status":"publish","type":"post","link":"https:\/\/cajamar.sp.gov.br\/noticias\/2020\/08\/13\/projetos-da-secretaria-de-saude-de-cajamar-sao-destaques-nas-avaliacoes-do-governo-federal\/","title":{"rendered":"Projetos da Secretaria de Sa\u00fade de Cajamar s\u00e3o destaques nas avalia\u00e7\u00f5es do Governo Federal"},"content":{"rendered":"\n<figure class=\"wp-block-image size-large\"><img fetchpriority=\"high\" decoding=\"async\" width=\"1076\" height=\"555\" src=\"https:\/\/cajamar.sp.gov.br\/noticias\/wp-content\/uploads\/sites\/2\/2020\/08\/screenshot_20200813-134052_trello.jpg\" alt=\"\" class=\"wp-image-24435\" srcset=\"https:\/\/cajamar.sp.gov.br\/noticias\/wp-content\/uploads\/sites\/2\/2020\/08\/screenshot_20200813-134052_trello.jpg 1076w, https:\/\/cajamar.sp.gov.br\/noticias\/wp-content\/uploads\/sites\/2\/2020\/08\/screenshot_20200813-134052_trello-768x396.jpg 768w\" sizes=\"(max-width: 1076px) 100vw, 1076px\" \/><figcaption>iImagem: Secretaria Municipal de Moderniza\u00e7\u00e3o e Comunica\u00e7\u00e3o.<\/figcaption><\/figure>\n\n\n\n<p>Nesta quinta-feira (13), \u00e0s 17h a Gestora de Departamento de Apoio a Aten\u00e7\u00e3o Prim\u00e1ria, Juliana Balbino, ir\u00e1 representar a Secretaria de Sa\u00fade de Cajamar em uma live preparada pela Secretaria de Aten\u00e7\u00e3o Prim\u00e1ria do Minist\u00e9rio da Sa\u00fade, que ter\u00e1 transmiss\u00e3o pelo canal de Inova\u00e7\u00e3o na Gest\u00e3o do SUS &#8211; Redes e APS.<\/p>\n\n\n\n<p>A atividade faz parte da agenda APS Forte no SUS, no combate \u00e0 pandemia, o convite para participar foi feito ap\u00f3s o Departamento de Apoio a Aten\u00e7\u00e3o Prim\u00e1ria de Cajamar ser um dos destaques do APS Forte. Um Projeto do Minist\u00e9rio da Sa\u00fade desenvolvido para a Aten\u00e7\u00e3o Prim\u00e1ria que tem como objetivo promover iniciativas que tenham como foco a melhoria na Aten\u00e7\u00e3o Prim\u00e1ria em rela\u00e7\u00e3o ao combate \u00e0 pandemia do coronav\u00edrus.<\/p>\n\n\n\n<p>O munic\u00edpio de Cajamar se inscreveu em quinze projetos, todos aprovados e publicados, apresentando relatos de experi\u00eancias que a Aten\u00e7\u00e3o Prim\u00e1ria desenvolveu para auxiliar a popula\u00e7\u00e3o no enfrentamento da pandemia de Covid-19 na cidade. Um dos temas do debate ser\u00e1 sobre o projeto \u201cA APS no centro da coordena\u00e7\u00e3o do cuidado frente \u00e0 COVID-19\u201d.<\/p>\n\n\n\n<p>A live tamb\u00e9m contar\u00e1 com a participa\u00e7\u00e3o de representantes da OPAS e Fiocruz, em conjunto com gestores de outras duas cidades que tamb\u00e9m foram destaque: Uberl\u00e2ndia (MG) e Niter\u00f3i (RJ). A modera\u00e7\u00e3o ser\u00e1 realizada por M\u00f3nica Padilla, coordenadora de Capacidade Humanas e Sistemas e Servi\u00e7os de Sa\u00fade da OPAS\/OMS Brasil e o debate ter\u00e1 como tema \u201cAten\u00e7\u00e3o Prim\u00e1ria Forte (APS): estrat\u00e9gia central para enfrentar os desafios da pandemia\u201d.<\/p>\n\n\n\n<p>Acompanhe o debate virtual no site do Portal da Inova\u00e7\u00e3o na Gest\u00e3o do SUS:<\/p>\n\n\n\n<p>https:\/\/apsredes.org\/ ou no Facebook \u2013 @inovacaoemsaude<\/p>\n","protected":false},"excerpt":{"rendered":"<p>Secretaria de Aten\u00e7\u00e3o Prim\u00e1ria do Minist\u00e9rio da Sa\u00fade far\u00e1 uma live nesta quinta-feira (13), onde ser\u00e1 discutido sobre os principais projetos desenvolvidos para o enfrentamento da pandemia de Covid-19.<\/p>\n","protected":false},"author":12,"featured_media":24436,"comment_status":"closed","ping_status":"closed","sticky":true,"template":"","format":"standard","meta":{"footnotes":""},"categories":[34,2],"tags":[],"posicao":[28],"class_list":["post-24434","post","type-post","status-publish","format-standard","has-post-thumbnail","hentry","category-coronavirus","category-saude","posicao-destaque"],"_links":{"self":[{"href":"https:\/\/cajamar.sp.gov.br\/noticias\/wp-json\/wp\/v2\/posts\/24434","targetHints":{"allow":["GET"]}}],"collection":[{"href":"https:\/\/cajamar.sp.gov.br\/noticias\/wp-json\/wp\/v2\/posts"}],"about":[{"href":"https:\/\/cajamar.sp.gov.br\/noticias\/wp-json\/wp\/v2\/types\/post"}],"author":[{"embeddable":true,"href":"https:\/\/cajamar.sp.gov.br\/noticias\/wp-json\/wp\/v2\/users\/12"}],"replies":[{"embeddable":true,"href":"https:\/\/cajamar.sp.gov.br\/noticias\/wp-json\/wp\/v2\/comments?post=24434"}],"version-history":[{"count":1,"href":"https:\/\/cajamar.sp.gov.br\/noticias\/wp-json\/wp\/v2\/posts\/24434\/revisions"}],"predecessor-version":[{"id":24437,"href":"https:\/\/cajamar.sp.gov.br\/noticias\/wp-json\/wp\/v2\/posts\/24434\/revisions\/24437"}],"wp:featuredmedia":[{"embeddable":true,"href":"https:\/\/cajamar.sp.gov.br\/noticias\/wp-json\/wp\/v2\/media\/24436"}],"wp:attachment":[{"href":"https:\/\/cajamar.sp.gov.br\/noticias\/wp-json\/wp\/v2\/media?parent=24434"}],"wp:term":[{"taxonomy":"category","embeddable":true,"href":"https:\/\/cajamar.sp.gov.br\/noticias\/wp-json\/wp\/v2\/categories?post=24434"},{"taxonomy":"post_tag","embeddable":true,"href":"https:\/\/cajamar.sp.gov.br\/noticias\/wp-json\/wp\/v2\/tags?post=24434"},{"taxonomy":"posicao","embeddable":true,"href":"https:\/\/cajamar.sp.gov.br\/noticias\/wp-json\/wp\/v2\/posicao?post=24434"}],"curies":[{"name":"wp","href":"https:\/\/api.w.org\/{rel}","templated":true}]}}