{"id":24463,"date":"2020-11-20T11:24:01","date_gmt":"2020-11-20T14:24:01","guid":{"rendered":"https:\/\/cajamar.sp.gov.br\/noticias\/?p=24463"},"modified":"2020-11-20T11:24:01","modified_gmt":"2020-11-20T14:24:01","slug":"campanha-nacional-de-vacinacao-contra-a-poliomielite-e-de-multivacinacao-e-prorrogada-ate-30-de-novembro","status":"publish","type":"post","link":"https:\/\/cajamar.sp.gov.br\/noticias\/2020\/11\/20\/campanha-nacional-de-vacinacao-contra-a-poliomielite-e-de-multivacinacao-e-prorrogada-ate-30-de-novembro\/","title":{"rendered":"Campanha Nacional de Vacina\u00e7\u00e3o Contra a Poliomielite e de Multivacina\u00e7\u00e3o \u00e9 prorrogada at\u00e9 30 de novembro"},"content":{"rendered":"\n<figure class=\"wp-block-image size-large\"><img fetchpriority=\"high\" decoding=\"async\" width=\"1077\" height=\"549\" src=\"https:\/\/cajamar.sp.gov.br\/noticias\/wp-content\/uploads\/sites\/2\/2020\/11\/screenshot_20201120-112255_trello.jpg\" alt=\"\" class=\"wp-image-24464\" srcset=\"https:\/\/cajamar.sp.gov.br\/noticias\/wp-content\/uploads\/sites\/2\/2020\/11\/screenshot_20201120-112255_trello.jpg 1077w, https:\/\/cajamar.sp.gov.br\/noticias\/wp-content\/uploads\/sites\/2\/2020\/11\/screenshot_20201120-112255_trello-768x391.jpg 768w\" sizes=\"(max-width: 1077px) 100vw, 1077px\" \/><\/figure>\n\n\n\n<p>A Secretaria de Sa\u00fade de Cajamar informa que a Campanha Nacional de Vacina\u00e7\u00e3o Contra a Poliomielite e a Campanha Nacional de Multivacina\u00e7\u00e3o para Atualiza\u00e7\u00e3o da Caderneta de Vacina\u00e7\u00e3o de crian\u00e7as e adolescentes foi prorrogada at\u00e9 o dia 30 de novembro. A medida tem como objetivo aumentar a cobertura vacinal e atualizar a caderneta de vacina\u00e7\u00e3o.<\/p>\n\n\n\n<p>O p\u00fablico alvo da campanha contra poliomielite s\u00e3o crian\u00e7as menores de cinco anos de idade. J\u00e1 a multivacina\u00e7\u00e3o \u00e9 destinada para todas as crian\u00e7as e adolescentes menores de 15 anos que est\u00e3o com algum tipo de vacina em atraso, ressaltando a import\u00e2ncia de manter o calend\u00e1rio vacinal em dia.<\/p>\n\n\n\n<p>Procure a Unidade de Sa\u00fade mais pr\u00f3xima de sua resid\u00eancia de segunda a sexta-feira, das 8h \u00e0s 16h, para atualizar as doses de vacina. N\u00e3o se esque\u00e7a de higienizar as m\u00e3os, usar m\u00e1scaras de prote\u00e7\u00e3o facial e evitar aglomera\u00e7\u00f5es nos pontos de vacina\u00e7\u00e3o, para que a campanha aconte\u00e7a deforma segura.<\/p>\n\n\n\n<p>Confira as Unidades de Sa\u00fade de Cajamar participantes da campanha:<\/p>\n\n\n\n<ul class=\"wp-block-list\"><li>UBS Jordan\u00e9sia<br>Av. Dr. Jo\u00e3o Abdalla 850<\/li><li>UBS Parque S\u00e3o Roberto<br>Av. Dr. Jos\u00e9 Lu\u00edz Leme Maciel, 179 &#8211; Parque S\u00e3o Roberto\/ Jordan\u00e9sia<\/li><li>UBS Polvilho<br>Rua Timburi 121 &#8211; Polvilho<\/li><li>USF Manoel In\u00e1cio da Silva<br>Av. das Juritis, 385 \u2013 Pq Maria Aparecida\/ Polvilho<\/li><li>USF Cajamar-Centro<br>Av. Prof. Walter Ribas de Andrade, 544 &#8211; Cajamar-Centro<\/li><li>USF Ponunduva<br>Rua Joaquim Rodrigues Pontes n\u00ba 203 \u2013 Ponunduva<\/li><li>USF S\u00e3o Benedito KM 43<br>Rua Bela Vista, 70 &#8211; Bairro do S\u00e3o Benedito<\/li><\/ul>\n","protected":false},"excerpt":{"rendered":"<p>A vacina contra poliomielite \u00e9 destinada para crian\u00e7as menores de cinco anos de idade e a multivacina\u00e7\u00e3o \u00e9 para a atualiza\u00e7\u00e3o do calend\u00e1rio vacinal de crian\u00e7as e adolescentes menores de 15 anos.<\/p>\n","protected":false},"author":12,"featured_media":24464,"comment_status":"closed","ping_status":"closed","sticky":true,"template":"","format":"standard","meta":{"footnotes":""},"categories":[2],"tags":[],"posicao":[28],"class_list":["post-24463","post","type-post","status-publish","format-standard","has-post-thumbnail","hentry","category-saude","posicao-destaque"],"_links":{"self":[{"href":"https:\/\/cajamar.sp.gov.br\/noticias\/wp-json\/wp\/v2\/posts\/24463","targetHints":{"allow":["GET"]}}],"collection":[{"href":"https:\/\/cajamar.sp.gov.br\/noticias\/wp-json\/wp\/v2\/posts"}],"about":[{"href":"https:\/\/cajamar.sp.gov.br\/noticias\/wp-json\/wp\/v2\/types\/post"}],"author":[{"embeddable":true,"href":"https:\/\/cajamar.sp.gov.br\/noticias\/wp-json\/wp\/v2\/users\/12"}],"replies":[{"embeddable":true,"href":"https:\/\/cajamar.sp.gov.br\/noticias\/wp-json\/wp\/v2\/comments?post=24463"}],"version-history":[{"count":1,"href":"https:\/\/cajamar.sp.gov.br\/noticias\/wp-json\/wp\/v2\/posts\/24463\/revisions"}],"predecessor-version":[{"id":24465,"href":"https:\/\/cajamar.sp.gov.br\/noticias\/wp-json\/wp\/v2\/posts\/24463\/revisions\/24465"}],"wp:featuredmedia":[{"embeddable":true,"href":"https:\/\/cajamar.sp.gov.br\/noticias\/wp-json\/wp\/v2\/media\/24464"}],"wp:attachment":[{"href":"https:\/\/cajamar.sp.gov.br\/noticias\/wp-json\/wp\/v2\/media?parent=24463"}],"wp:term":[{"taxonomy":"category","embeddable":true,"href":"https:\/\/cajamar.sp.gov.br\/noticias\/wp-json\/wp\/v2\/categories?post=24463"},{"taxonomy":"post_tag","embeddable":true,"href":"https:\/\/cajamar.sp.gov.br\/noticias\/wp-json\/wp\/v2\/tags?post=24463"},{"taxonomy":"posicao","embeddable":true,"href":"https:\/\/cajamar.sp.gov.br\/noticias\/wp-json\/wp\/v2\/posicao?post=24463"}],"curies":[{"name":"wp","href":"https:\/\/api.w.org\/{rel}","templated":true}]}}