{"id":24574,"date":"2020-12-03T11:23:13","date_gmt":"2020-12-03T14:23:13","guid":{"rendered":"https:\/\/cajamar.sp.gov.br\/noticias\/?p=24574"},"modified":"2020-12-03T11:23:13","modified_gmt":"2020-12-03T14:23:13","slug":"sob-determinacao-do-governo-de-sp-cajamar-esta-na-fase-amarela","status":"publish","type":"post","link":"https:\/\/cajamar.sp.gov.br\/noticias\/2020\/12\/03\/sob-determinacao-do-governo-de-sp-cajamar-esta-na-fase-amarela\/","title":{"rendered":"Sob determina\u00e7\u00e3o do Governo de SP, Cajamar est\u00e1 na fase amarela"},"content":{"rendered":"\n<figure class=\"wp-block-image size-large\"><img fetchpriority=\"high\" decoding=\"async\" width=\"1200\" height=\"800\" src=\"https:\/\/cajamar.sp.gov.br\/noticias\/wp-content\/uploads\/sites\/2\/2020\/12\/dsc9900.jpg\" alt=\"\" class=\"wp-image-24575\" srcset=\"https:\/\/cajamar.sp.gov.br\/noticias\/wp-content\/uploads\/sites\/2\/2020\/12\/dsc9900.jpg 1200w, https:\/\/cajamar.sp.gov.br\/noticias\/wp-content\/uploads\/sites\/2\/2020\/12\/dsc9900-768x512.jpg 768w\" sizes=\"(max-width: 1200px) 100vw, 1200px\" \/><figcaption>O atendimento presencial em todos os setores do com\u00e9rcio fica restrito a 10 horas di\u00e1rias, sequenciais ou fracionadas, e 40% de capacidade. Foto: Secretaria Municipal de Comunica\u00e7\u00e3o e Moderniza\u00e7\u00e3o.  <\/figcaption><\/figure>\n\n\n\n<p>O governo de S\u00e3o Paulo anunciou na \u00faltima segunda-feira (30), que todos os munic\u00edpios paulistas, inclusive a capital, v\u00e3o retornar \u00e0 fase amarela do Plano S\u00e3o Paulo de Flexibiliza\u00e7\u00e3o. A decis\u00e3o passou a valer a partir desta quarta-feira (02), devido \u00e0 piora nos indicadores estaduais de mortes, infec\u00e7\u00f5es e ocupa\u00e7\u00e3o de leitos destinados \u00e0 pacientes com Covid-19.<\/p>\n\n\n\n<p>Com o regresso geral para a terceira das cinco fases do Plano SP, atividades como bares, restaurantes, academias, sal\u00f5es de beleza, shoppings, escrit\u00f3rios, concession\u00e1rias e com\u00e9rcios de rua voltam a ter maiores limita\u00e7\u00f5es de hor\u00e1rio e capacidade de p\u00fablico. A medida visa impedir aglomera\u00e7\u00f5es para reduzir o cont\u00e1gio e evitar press\u00e3o sobre o sistema de sa\u00fade.<\/p>\n\n\n\n<p>O atendimento presencial em todos os setores fica restrito a 10 horas di\u00e1rias, sequenciais ou fracionadas, e 40% de capacidade. Os estabelecimentos ter\u00e3o que fechar o atendimento local at\u00e9 as 22h. Todos os eventos com p\u00fablico em p\u00e9 est\u00e3o proibidos na fase amarela.<\/p>\n\n\n\n<p>Al\u00e9m disso, \u00e9 fundamental que a popula\u00e7\u00e3o continue seguindo as medidas preventivas, como a obrigatoriedade do uso de m\u00e1scara de prote\u00e7\u00e3o facial ao sair de casa, manter o distanciamento social de 1,5 metro, lavar as m\u00e3os e usar \u00e1lcool em gel.<\/p>\n\n\n\n<p><strong>O que est\u00e1 permitido na fase amarela<\/strong><\/p>\n\n\n\n<p><strong>Shoppings, galerias, pra\u00e7a de alimenta\u00e7\u00e3o e semelhantes<\/strong><br>\u2022 Ocupa\u00e7\u00e3o m\u00e1xima limitada a 40% da capacidade do local<br>\u2022 Hor\u00e1rio reduzido (10 horas)<br>\u2022 Encerramento at\u00e9 as 22h<br>\u2022 Ado\u00e7\u00e3o dos protocolos geral e setorial espec\u00edfico conforme Decreto Municipal n\u00ba 6.354\/2020.<\/p>\n\n\n\n<p><strong>Com\u00e9rcio<\/strong><br>\u2022 Ocupa\u00e7\u00e3o m\u00e1xima limitada a 40% da capacidade do local<br>\u2022 Hor\u00e1rio reduzido (10 horas)<br>\u2022 Encerramento at\u00e9 as 22h<br>\u2022 Ado\u00e7\u00e3o dos protocolos geral e setorial espec\u00edfico conforme Decreto Municipal n\u00ba 6.354\/2020.<\/p>\n\n\n\n<p><strong>Servi\u00e7os<\/strong><br>\u2022 Ocupa\u00e7\u00e3o m\u00e1xima limitada a 40% da capacidade do local<br>\u2022 Hor\u00e1rio reduzido (10 horas)<br>\u2022 Encerramento at\u00e9 as 22h<br>\u2022 Ado\u00e7\u00e3o dos protocolos geral e setorial espec\u00edfico conforme Decreto Municipal n\u00ba 6.354\/2020.<\/p>\n\n\n\n<p><strong>Bares, restaurantes e similare<\/strong>s<br>\u2022 Ocupa\u00e7\u00e3o m\u00e1xima limitada a 40% da capacidade do local<br>\u2022 Hor\u00e1rio reduzido (10 horas)<br>\u2022 Consumo local at\u00e9 as 22h<br>\u2022 Ado\u00e7\u00e3o dos protocolos geral e setorial espec\u00edfico conforme Decreto Municipal n\u00ba 6.354\/2020.<br>\u2022 Servi\u00e7o delivery sem resti\u00e7\u00f5es<\/p>\n\n\n\n<p><strong>Sal\u00f5es de beleza e barbearias<\/strong><br>\u2022 Ocupa\u00e7\u00e3o m\u00e1xima limitada a 40% da capacidade do local<br>\u2022 Hor\u00e1rio reduzido (10 horas)<br>\u2022 Encerramento at\u00e9 as 22h<br>\u2022 Ado\u00e7\u00e3o dos protocolos geral e setorial espec\u00edfico conforme Decreto Municipal n\u00ba 6.354\/2020.<\/p>\n\n\n\n<p><strong>Academias de esportes de todas as modalidades<\/strong><br>\u2022 Ocupa\u00e7\u00e3o m\u00e1xima limitada a 40% da capacidade do local<br>\u2022 Hor\u00e1rio reduzido (10 horas)<br>\u2022 Encerramento at\u00e9 as 22h<br>\u2022 Ado\u00e7\u00e3o dos protocolos geral e setorial espec\u00edfico conforme Decreto Municipal n\u00ba 6.354\/2020.<\/p>\n\n\n\n<p><strong>Eventos, conven\u00e7\u00f5es e atividades culturais<\/strong><br>\u2022 Encerramento at\u00e9 as 22h<br>\u2022 Ocupa\u00e7\u00e3o m\u00e1xima limitada a 40% da capacidade do local<br>\u2022 Proibi\u00e7\u00e3o de atividades com p\u00fablico em p\u00e9<br>\u2022 Ado\u00e7\u00e3o dos protocolos geral e setorial espec\u00edfico conforme Decreto Municipal n\u00ba 6.354\/2020.<\/p>\n\n\n\n<p><strong>Demais atividades que geram aglomera\u00e7\u00e3o<\/strong><br>\u2022 N\u00e3o permitido<\/p>\n","protected":false},"excerpt":{"rendered":"<p>Todas as cidades do Estado de S\u00e3o Paulo foram classificadas para a fase amarela do Plano SP.<\/p>\n","protected":false},"author":12,"featured_media":24575,"comment_status":"closed","ping_status":"closed","sticky":true,"template":"","format":"standard","meta":{"footnotes":""},"categories":[34,2],"tags":[],"posicao":[28],"class_list":["post-24574","post","type-post","status-publish","format-standard","has-post-thumbnail","hentry","category-coronavirus","category-saude","posicao-destaque"],"_links":{"self":[{"href":"https:\/\/cajamar.sp.gov.br\/noticias\/wp-json\/wp\/v2\/posts\/24574","targetHints":{"allow":["GET"]}}],"collection":[{"href":"https:\/\/cajamar.sp.gov.br\/noticias\/wp-json\/wp\/v2\/posts"}],"about":[{"href":"https:\/\/cajamar.sp.gov.br\/noticias\/wp-json\/wp\/v2\/types\/post"}],"author":[{"embeddable":true,"href":"https:\/\/cajamar.sp.gov.br\/noticias\/wp-json\/wp\/v2\/users\/12"}],"replies":[{"embeddable":true,"href":"https:\/\/cajamar.sp.gov.br\/noticias\/wp-json\/wp\/v2\/comments?post=24574"}],"version-history":[{"count":1,"href":"https:\/\/cajamar.sp.gov.br\/noticias\/wp-json\/wp\/v2\/posts\/24574\/revisions"}],"predecessor-version":[{"id":24576,"href":"https:\/\/cajamar.sp.gov.br\/noticias\/wp-json\/wp\/v2\/posts\/24574\/revisions\/24576"}],"wp:featuredmedia":[{"embeddable":true,"href":"https:\/\/cajamar.sp.gov.br\/noticias\/wp-json\/wp\/v2\/media\/24575"}],"wp:attachment":[{"href":"https:\/\/cajamar.sp.gov.br\/noticias\/wp-json\/wp\/v2\/media?parent=24574"}],"wp:term":[{"taxonomy":"category","embeddable":true,"href":"https:\/\/cajamar.sp.gov.br\/noticias\/wp-json\/wp\/v2\/categories?post=24574"},{"taxonomy":"post_tag","embeddable":true,"href":"https:\/\/cajamar.sp.gov.br\/noticias\/wp-json\/wp\/v2\/tags?post=24574"},{"taxonomy":"posicao","embeddable":true,"href":"https:\/\/cajamar.sp.gov.br\/noticias\/wp-json\/wp\/v2\/posicao?post=24574"}],"curies":[{"name":"wp","href":"https:\/\/api.w.org\/{rel}","templated":true}]}}