{"id":24599,"date":"2020-12-05T13:00:00","date_gmt":"2020-12-05T16:00:00","guid":{"rendered":"https:\/\/cajamar.sp.gov.br\/noticias\/?p=24599"},"modified":"2020-12-05T10:52:00","modified_gmt":"2020-12-05T13:52:00","slug":"cajamar-publica-decreto-seguindo-fase-amarela-do-plano-sp","status":"publish","type":"post","link":"https:\/\/cajamar.sp.gov.br\/noticias\/2020\/12\/05\/cajamar-publica-decreto-seguindo-fase-amarela-do-plano-sp\/","title":{"rendered":"Cajamar publica decreto seguindo fase amarela do Plano SP"},"content":{"rendered":"\n<figure class=\"wp-block-image size-large\"><img fetchpriority=\"high\" decoding=\"async\" width=\"1080\" height=\"717\" src=\"https:\/\/cajamar.sp.gov.br\/noticias\/wp-content\/uploads\/sites\/2\/2020\/12\/screenshot_20201205-104508_trello.jpg\" alt=\"\" class=\"wp-image-24600\" srcset=\"https:\/\/cajamar.sp.gov.br\/noticias\/wp-content\/uploads\/sites\/2\/2020\/12\/screenshot_20201205-104508_trello.jpg 1080w, https:\/\/cajamar.sp.gov.br\/noticias\/wp-content\/uploads\/sites\/2\/2020\/12\/screenshot_20201205-104508_trello-768x510.jpg 768w\" sizes=\"(max-width: 1080px) 100vw, 1080px\" \/><figcaption>Atividades como bares, restaurantes, academias, sal\u00f5es de beleza, shoppings, escrit\u00f3rios, concession\u00e1rias e com\u00e9rcios de rua voltam a ter limita\u00e7\u00f5es de hor\u00e1rio e capacidade de p\u00fablico. Foto: Secretaria Municipal de Moderniza\u00e7\u00e3o e Comunica\u00e7\u00e3o. <\/figcaption><\/figure>\n\n\n\n<p>A Prefeitura de Cajamar publicou nesta ter\u00e7a-feira (1\u00ba) o decreto municipal n\u00ba 6.354, que regulamenta as regras de funcionamento das atividades econ\u00f4micas no munic\u00edpio, seguindo as atualiza\u00e7\u00f5es do Plano S\u00e3o Paulo, que colocou todas as cidades do Estado na fase amarela. As novas medidas passaram a valer na \u00faltima quarta-feira (02).<\/p>\n\n\n\n<p>A fase amarela do Plano SP n\u00e3o fecha as atividades econ\u00f4micas, mas torna as regras de funcionamento mais r\u00edgidas. Atividades como bares, restaurantes, academias, sal\u00f5es de beleza, shoppings, escrit\u00f3rios, concession\u00e1rias e com\u00e9rcios de rua voltam a ter limita\u00e7\u00f5es de hor\u00e1rio e capacidade de p\u00fablico.<br>O atendimento presencial fica restrito a 10 horas di\u00e1rias, sequenciais ou fracionadas, e 40% de capacidade. J\u00e1 as academias t\u00eam limita\u00e7\u00e3o de 30% de p\u00fablico. \u00c9 permitido apenas aulas e pr\u00e1ticas individuais, mantendo-se as aulas e pr\u00e1ticas em grupo suspensas.<\/p>\n\n\n\n<figure class=\"wp-block-image size-large\"><img decoding=\"async\" width=\"1079\" height=\"721\" src=\"https:\/\/cajamar.sp.gov.br\/noticias\/wp-content\/uploads\/sites\/2\/2020\/12\/screenshot_20201205-104534_trello.jpg\" alt=\"\" class=\"wp-image-24601\" srcset=\"https:\/\/cajamar.sp.gov.br\/noticias\/wp-content\/uploads\/sites\/2\/2020\/12\/screenshot_20201205-104534_trello.jpg 1079w, https:\/\/cajamar.sp.gov.br\/noticias\/wp-content\/uploads\/sites\/2\/2020\/12\/screenshot_20201205-104534_trello-768x513.jpg 768w\" sizes=\"(max-width: 1079px) 100vw, 1079px\" \/><figcaption>O descumprimento das regras gerais ou especificas, determinadas no decreto municipal e nas demais legisla\u00e7\u00f5es relacionadas ao enfrentamento do coronav\u00edrus, acarretar\u00e1 a aplica\u00e7\u00e3o de penalidade de multa.<\/figcaption><\/figure>\n\n\n\n<p>Os estabelecimentos ter\u00e3o que fechar o atendimento local at\u00e9 as 22h. Todos os eventos com p\u00fablico em p\u00e9 est\u00e3o proibidos.<br>N\u00e3o ser\u00e3o permitidas atividades que geram aglomera\u00e7\u00f5es como shows, espet\u00e1culos, dentre outros. Fica proibida a realiza\u00e7\u00e3o de eventos ao ar livre no formato de camarotes privativos.<\/p>\n\n\n\n<p>O descumprimento das regras gerais ou especificas, determinadas neste decreto e nas demais legisla\u00e7\u00f5es relacionadas ao enfrentamento do coronav\u00edrus, acarretar\u00e1 a aplica\u00e7\u00e3o de penalidade de multa no valor de R$ 5.000 reais, al\u00e9m de medidas e san\u00e7\u00f5es cab\u00edveis de natureza civil, administrativa e penal. Nas reincid\u00eancias espec\u00edficas as multas ser\u00e3o aplicadas em dobro.<\/p>\n\n\n\n<figure class=\"wp-block-image size-large\"><img decoding=\"async\" width=\"1080\" height=\"717\" src=\"https:\/\/cajamar.sp.gov.br\/noticias\/wp-content\/uploads\/sites\/2\/2020\/12\/screenshot_20201205-104508_trello-1.jpg\" alt=\"\" class=\"wp-image-24602\" srcset=\"https:\/\/cajamar.sp.gov.br\/noticias\/wp-content\/uploads\/sites\/2\/2020\/12\/screenshot_20201205-104508_trello-1.jpg 1080w, https:\/\/cajamar.sp.gov.br\/noticias\/wp-content\/uploads\/sites\/2\/2020\/12\/screenshot_20201205-104508_trello-1-768x510.jpg 768w\" sizes=\"(max-width: 1080px) 100vw, 1080px\" \/><figcaption>As novas medidas passaram a valer na \u00faltima quarta-feira (02).<\/figcaption><\/figure>\n\n\n\n<p>A Prefeitura refor\u00e7a o apelo para que toda a popula\u00e7\u00e3o mantenha o engajamento e a mobiliza\u00e7\u00e3o para conter a pandemia, evitando e refor\u00e7ando as medidas de higiene, como lavar sempre as m\u00e3os e usar m\u00e1scaras em locais p\u00fablicos.<\/p>\n\n\n\n<p><strong>Confira as limita\u00e7\u00f5es do decreto:<\/strong><\/p>\n\n\n\n<p><strong>Shoppings, galerias, pra\u00e7a de alimenta\u00e7\u00e3o e semelhantes<\/strong><br>\u2022 Ocupa\u00e7\u00e3o m\u00e1xima limitada a 40% da capacidade do local<br>\u2022 Hor\u00e1rio reduzido (10 horas)<br>\u2022 Encerramento at\u00e9 as 22h<br>\u2022 Ado\u00e7\u00e3o dos protocolos geral e setorial espec\u00edfico conforme Decreto Municipal n\u00ba 6.354\/2020.<\/p>\n\n\n\n<p><strong>Com\u00e9rcio<\/strong><br>\u2022 Ocupa\u00e7\u00e3o m\u00e1xima limitada a 40% da capacidade do local<br>\u2022 Hor\u00e1rio reduzido (10 horas)<br>\u2022 Encerramento at\u00e9 as 22h<br>\u2022 Ado\u00e7\u00e3o dos protocolos geral e setorial espec\u00edfico conforme Decreto Municipal n\u00ba 6.354\/2020.<\/p>\n\n\n\n<p><strong>Servi\u00e7os<\/strong><br>\u2022 Ocupa\u00e7\u00e3o m\u00e1xima limitada a 40% da capacidade do local<br>\u2022 Hor\u00e1rio reduzido (10 horas)<br>\u2022 Encerramento at\u00e9 as 22h<br>\u2022 Ado\u00e7\u00e3o dos protocolos geral e setorial espec\u00edfico conforme Decreto Municipal n\u00ba 6.354\/2020.<\/p>\n\n\n\n<p><strong>Bares, restaurantes e similares<\/strong><br>\u2022 Ocupa\u00e7\u00e3o m\u00e1xima limitada a 40% da capacidade do local<br>\u2022 Hor\u00e1rio reduzido (10 horas)<br>\u2022 Consumo local at\u00e9 as 22h<br>\u2022 Ado\u00e7\u00e3o dos protocolos geral e setorial espec\u00edfico conforme Decreto Municipal n\u00ba 6.354\/2020.<br>\u2022 Servi\u00e7o delivery sem resti\u00e7\u00f5es<\/p>\n\n\n\n<p><strong>Sal\u00f5es de beleza e barbearias<\/strong><br>\u2022 Ocupa\u00e7\u00e3o m\u00e1xima limitada a 40% da capacidade do local<br>\u2022 Hor\u00e1rio reduzido (10 horas)<br>\u2022 Encerramento at\u00e9 as 22h<br>\u2022 Ado\u00e7\u00e3o dos protocolos geral e setorial espec\u00edfico conforme Decreto Municipal n\u00ba 6.354\/2020.<\/p>\n\n\n\n<p><strong>Academias de esportes de todas as modalidades<\/strong><br>\u2022 Ocupa\u00e7\u00e3o m\u00e1xima limitada a 40% da capacidade do local<br>\u2022 Hor\u00e1rio reduzido (10 horas)<br>\u2022 Encerramento at\u00e9 as 22h<br>\u2022 Ado\u00e7\u00e3o dos protocolos geral e setorial espec\u00edfico conforme Decreto Municipal n\u00ba 6.354\/2020.<\/p>\n\n\n\n<p><strong>Eventos, conven\u00e7\u00f5es e atividades culturais<\/strong><br>\u2022 Encerramento at\u00e9 as 22h<br>\u2022 Ocupa\u00e7\u00e3o m\u00e1xima limitada a 40% da capacidade do local<br>\u2022 Proibi\u00e7\u00e3o de atividades com p\u00fablico em p\u00e9<br>\u2022 Ado\u00e7\u00e3o dos protocolos geral e setorial espec\u00edfico conforme Decreto Municipal n\u00ba 6.354\/2020.<\/p>\n\n\n\n<p><strong>Demais atividades que geram aglomera\u00e7\u00e3o<\/strong><br>\u2022 N\u00e3o permitido<\/p>\n","protected":false},"excerpt":{"rendered":"<p>A fase amarela do Plano SP n\u00e3o fecha as atividades econ\u00f4micas, mas torna as regras de funcionamento mais r\u00edgidas.<\/p>\n","protected":false},"author":12,"featured_media":24600,"comment_status":"closed","ping_status":"closed","sticky":true,"template":"","format":"standard","meta":{"footnotes":""},"categories":[34,21],"tags":[],"posicao":[28],"class_list":["post-24599","post","type-post","status-publish","format-standard","has-post-thumbnail","hentry","category-coronavirus","category-fiscalizacao","posicao-destaque"],"_links":{"self":[{"href":"https:\/\/cajamar.sp.gov.br\/noticias\/wp-json\/wp\/v2\/posts\/24599","targetHints":{"allow":["GET"]}}],"collection":[{"href":"https:\/\/cajamar.sp.gov.br\/noticias\/wp-json\/wp\/v2\/posts"}],"about":[{"href":"https:\/\/cajamar.sp.gov.br\/noticias\/wp-json\/wp\/v2\/types\/post"}],"author":[{"embeddable":true,"href":"https:\/\/cajamar.sp.gov.br\/noticias\/wp-json\/wp\/v2\/users\/12"}],"replies":[{"embeddable":true,"href":"https:\/\/cajamar.sp.gov.br\/noticias\/wp-json\/wp\/v2\/comments?post=24599"}],"version-history":[{"count":2,"href":"https:\/\/cajamar.sp.gov.br\/noticias\/wp-json\/wp\/v2\/posts\/24599\/revisions"}],"predecessor-version":[{"id":24604,"href":"https:\/\/cajamar.sp.gov.br\/noticias\/wp-json\/wp\/v2\/posts\/24599\/revisions\/24604"}],"wp:featuredmedia":[{"embeddable":true,"href":"https:\/\/cajamar.sp.gov.br\/noticias\/wp-json\/wp\/v2\/media\/24600"}],"wp:attachment":[{"href":"https:\/\/cajamar.sp.gov.br\/noticias\/wp-json\/wp\/v2\/media?parent=24599"}],"wp:term":[{"taxonomy":"category","embeddable":true,"href":"https:\/\/cajamar.sp.gov.br\/noticias\/wp-json\/wp\/v2\/categories?post=24599"},{"taxonomy":"post_tag","embeddable":true,"href":"https:\/\/cajamar.sp.gov.br\/noticias\/wp-json\/wp\/v2\/tags?post=24599"},{"taxonomy":"posicao","embeddable":true,"href":"https:\/\/cajamar.sp.gov.br\/noticias\/wp-json\/wp\/v2\/posicao?post=24599"}],"curies":[{"name":"wp","href":"https:\/\/api.w.org\/{rel}","templated":true}]}}