{"id":24689,"date":"2020-12-11T17:10:18","date_gmt":"2020-12-11T20:10:18","guid":{"rendered":"https:\/\/cajamar.sp.gov.br\/noticias\/?p=24689"},"modified":"2020-12-11T17:10:18","modified_gmt":"2020-12-11T20:10:18","slug":"bic-promove-entrega-de-materiais-da-acao-global-education-week-em-cajamar","status":"publish","type":"post","link":"https:\/\/cajamar.sp.gov.br\/noticias\/2020\/12\/11\/bic-promove-entrega-de-materiais-da-acao-global-education-week-em-cajamar\/","title":{"rendered":"BIC promove entrega de materiais da a\u00e7\u00e3o \u201cGlobal Education Week\u201d em Cajamar"},"content":{"rendered":"\n<figure class=\"wp-block-image size-large\"><img fetchpriority=\"high\" decoding=\"async\" width=\"1200\" height=\"800\" src=\"https:\/\/cajamar.sp.gov.br\/noticias\/wp-content\/uploads\/sites\/2\/2020\/12\/1-1.jpg\" alt=\"\" class=\"wp-image-24690\" srcset=\"https:\/\/cajamar.sp.gov.br\/noticias\/wp-content\/uploads\/sites\/2\/2020\/12\/1-1.jpg 1200w, https:\/\/cajamar.sp.gov.br\/noticias\/wp-content\/uploads\/sites\/2\/2020\/12\/1-1-768x512.jpg 768w\" sizes=\"(max-width: 1200px) 100vw, 1200px\" \/><figcaption>EMEB Arnaldo Correia da Silveira, no Ponunduva foi contemplada com a doa\u00e7\u00e3o de artigos de papelaria da a\u00e7\u00e3o &#8220;Global Education Week&#8221; promovida pela empresa BIC. Foto: SECOM<\/figcaption><\/figure>\n\n\n\n<p>Na \u00faltima semana de novembro, a BIC, empresa mundial em artigos de papelaria, realizou uma doa\u00e7\u00e3o de materiais para marcar a terceira edi\u00e7\u00e3o da a\u00e7\u00e3o \u201cGlobal Education Week\u201d. Uma iniciativa promovida globalmente pela empresa, que tem como intuito melhorar as condi\u00e7\u00f5es de aprendizagem de crian\u00e7as e estudantes em suas comunidades locais.<\/p>\n\n\n\n<p>Em 2019 as escolas participantes de Cajamar foram as EMEB\u2019s Ester Catarine Lozano, Veneranda de Freitas Pinto, Ant\u00f4nio Pinto de Campos, Eva Rosa de Oliveira Santos, Dra. Mara Aparecida da Silva Alves Gomes e Odir Garcia Ara\u00fajo, as quais receberam um grupo de colaboradores da empresa BIC como volunt\u00e1rios, que realizaram junto aos alunos oficinas de leitura, pintura, tert\u00falias pl\u00e1sticas e grupos interativos.<\/p>\n\n\n\n<p>De acordo com o Secret\u00e1rio de Educa\u00e7\u00e3o, Prof. Dr. R\u00e9gis Souza, este ano a unidade contemplada no munic\u00edpio foi a escola reinaugurada h\u00e1 poucos meses, EMEB Arnaldo Correia da Silveira, localizada no Ponunduva. &#8220;Essa parceria com a BIC \u00e9 muito importante e \u00e9 um privil\u00e9gio mais uma vez receber este benef\u00edcio para uma as escolas do munic\u00edpio. Infelizmente este ano, em decorr\u00eancia da pandemia, n\u00e3o foi poss\u00edvel realizar as atividades presencialmente como em 2019, mas a empresa fez quest\u00e3o de manter a doa\u00e7\u00e3o dos materiais para as crian\u00e7as&#8221;, salienta o secret\u00e1rio.<\/p>\n\n\n\n<p>Para marcar a a\u00e7\u00e3o da \u201cGlobal Education Week\u201d, a Facilite da Empresa Bic, Eliana Manacero, se reuniu com o Prof. R\u00e9gis e com o Departamento Pedag\u00f3gico para juntos discutirem como seria a distribui\u00e7\u00e3o dos kits. Sobre esta organiza\u00e7\u00e3o, Mar\u00edlia Gabriela Rodrigues, diretora da EMEB Arnaldo relata:<\/p>\n\n\n\n<p>\u201cRealizamos a entrega por sala com a colabora\u00e7\u00e3o dos professores, seguindo todas as precau\u00e7\u00f5es e medidas de seguran\u00e7a para impedir aglomera\u00e7\u00f5es e tivemos um retorno muito positivo dos respons\u00e1veis, dizendo que as crian\u00e7as ficaram felizes com os kits. Foi uma atitude muito generosa da empresa que, mesmo com a pandemia, permaneceu com o projeto. Fico muito feliz por nossa escola ser uma das beneficiadas&#8221;, destaca Mar\u00edlia Gabriela Rodrigues, diretora da unidade.<\/p>\n\n\n\n<p><strong>GLOBAL EDUCATION WEEK<\/strong><\/p>\n\n\n\n<p>A Semana Global de Educa\u00e7\u00e3o faz parte do comprometimento da BIC de melhorar, at\u00e9 2025, as condi\u00e7\u00f5es de aprendizagem de 250 milh\u00f5es de crian\u00e7as em todo o mundo, refor\u00e7ando o compromisso da empresa, lan\u00e7ado em 2017, intitulado: \u201cEscrevendo o futuro juntos\u201d, para promover sete anos de desenvolvimento sustent\u00e1vel. A iniciativa da BIC pretende limitar os impactos causados no planeta, al\u00e9m de fazer a diferen\u00e7a de maneira significativa e a longo prazo na vida de seus colaboradores e da sociedade.<\/p>\n\n\n\n<figure class=\"wp-block-gallery columns-3 is-cropped wp-block-gallery-1 is-layout-flex wp-block-gallery-is-layout-flex\"><ul class=\"blocks-gallery-grid\"><li class=\"blocks-gallery-item\"><figure><img decoding=\"async\" width=\"1200\" height=\"800\" src=\"https:\/\/cajamar.sp.gov.br\/noticias\/wp-content\/uploads\/sites\/2\/2020\/12\/2-2.jpg\" alt=\"\" data-id=\"24691\" data-full-url=\"https:\/\/cajamar.sp.gov.br\/noticias\/wp-content\/uploads\/sites\/2\/2020\/12\/2-2.jpg\" data-link=\"https:\/\/cajamar.sp.gov.br\/noticias\/?attachment_id=24691\" class=\"wp-image-24691\" srcset=\"https:\/\/cajamar.sp.gov.br\/noticias\/wp-content\/uploads\/sites\/2\/2020\/12\/2-2.jpg 1200w, https:\/\/cajamar.sp.gov.br\/noticias\/wp-content\/uploads\/sites\/2\/2020\/12\/2-2-768x512.jpg 768w\" sizes=\"(max-width: 1200px) 100vw, 1200px\" \/><\/figure><\/li><li class=\"blocks-gallery-item\"><figure><img decoding=\"async\" width=\"1200\" height=\"800\" src=\"https:\/\/cajamar.sp.gov.br\/noticias\/wp-content\/uploads\/sites\/2\/2020\/12\/3-1.jpg\" alt=\"\" data-id=\"24692\" data-full-url=\"https:\/\/cajamar.sp.gov.br\/noticias\/wp-content\/uploads\/sites\/2\/2020\/12\/3-1.jpg\" data-link=\"https:\/\/cajamar.sp.gov.br\/noticias\/?attachment_id=24692\" class=\"wp-image-24692\" srcset=\"https:\/\/cajamar.sp.gov.br\/noticias\/wp-content\/uploads\/sites\/2\/2020\/12\/3-1.jpg 1200w, https:\/\/cajamar.sp.gov.br\/noticias\/wp-content\/uploads\/sites\/2\/2020\/12\/3-1-768x512.jpg 768w\" sizes=\"(max-width: 1200px) 100vw, 1200px\" \/><\/figure><\/li><li class=\"blocks-gallery-item\"><figure><img loading=\"lazy\" decoding=\"async\" width=\"1200\" height=\"800\" src=\"https:\/\/cajamar.sp.gov.br\/noticias\/wp-content\/uploads\/sites\/2\/2020\/12\/4-1.jpg\" alt=\"\" data-id=\"24693\" data-full-url=\"https:\/\/cajamar.sp.gov.br\/noticias\/wp-content\/uploads\/sites\/2\/2020\/12\/4-1.jpg\" data-link=\"https:\/\/cajamar.sp.gov.br\/noticias\/?attachment_id=24693\" class=\"wp-image-24693\" srcset=\"https:\/\/cajamar.sp.gov.br\/noticias\/wp-content\/uploads\/sites\/2\/2020\/12\/4-1.jpg 1200w, https:\/\/cajamar.sp.gov.br\/noticias\/wp-content\/uploads\/sites\/2\/2020\/12\/4-1-768x512.jpg 768w\" sizes=\"(max-width: 1200px) 100vw, 1200px\" \/><\/figure><\/li><\/ul><\/figure>\n","protected":false},"excerpt":{"rendered":"<p>Parceria entre a Secretaria Municipal de Educa\u00e7\u00e3o de Cajamar e a BIC marcam o encerramento das atividades pedag\u00f3gicas na EMEB Arnaldo Correia da Silveira, no Ponunduva. <\/p>\n","protected":false},"author":12,"featured_media":24690,"comment_status":"closed","ping_status":"closed","sticky":true,"template":"","format":"standard","meta":{"footnotes":""},"categories":[8],"tags":[],"posicao":[28],"class_list":["post-24689","post","type-post","status-publish","format-standard","has-post-thumbnail","hentry","category-educacao","posicao-destaque"],"_links":{"self":[{"href":"https:\/\/cajamar.sp.gov.br\/noticias\/wp-json\/wp\/v2\/posts\/24689","targetHints":{"allow":["GET"]}}],"collection":[{"href":"https:\/\/cajamar.sp.gov.br\/noticias\/wp-json\/wp\/v2\/posts"}],"about":[{"href":"https:\/\/cajamar.sp.gov.br\/noticias\/wp-json\/wp\/v2\/types\/post"}],"author":[{"embeddable":true,"href":"https:\/\/cajamar.sp.gov.br\/noticias\/wp-json\/wp\/v2\/users\/12"}],"replies":[{"embeddable":true,"href":"https:\/\/cajamar.sp.gov.br\/noticias\/wp-json\/wp\/v2\/comments?post=24689"}],"version-history":[{"count":1,"href":"https:\/\/cajamar.sp.gov.br\/noticias\/wp-json\/wp\/v2\/posts\/24689\/revisions"}],"predecessor-version":[{"id":24694,"href":"https:\/\/cajamar.sp.gov.br\/noticias\/wp-json\/wp\/v2\/posts\/24689\/revisions\/24694"}],"wp:featuredmedia":[{"embeddable":true,"href":"https:\/\/cajamar.sp.gov.br\/noticias\/wp-json\/wp\/v2\/media\/24690"}],"wp:attachment":[{"href":"https:\/\/cajamar.sp.gov.br\/noticias\/wp-json\/wp\/v2\/media?parent=24689"}],"wp:term":[{"taxonomy":"category","embeddable":true,"href":"https:\/\/cajamar.sp.gov.br\/noticias\/wp-json\/wp\/v2\/categories?post=24689"},{"taxonomy":"post_tag","embeddable":true,"href":"https:\/\/cajamar.sp.gov.br\/noticias\/wp-json\/wp\/v2\/tags?post=24689"},{"taxonomy":"posicao","embeddable":true,"href":"https:\/\/cajamar.sp.gov.br\/noticias\/wp-json\/wp\/v2\/posicao?post=24689"}],"curies":[{"name":"wp","href":"https:\/\/api.w.org\/{rel}","templated":true}]}}