{"id":24806,"date":"2020-12-18T09:42:48","date_gmt":"2020-12-18T12:42:48","guid":{"rendered":"https:\/\/cajamar.sp.gov.br\/noticias\/?p=24806"},"modified":"2020-12-18T09:42:48","modified_gmt":"2020-12-18T12:42:48","slug":"feiras-livres-e-noturnas-serao-montadas-nas-vesperas-de-natal-e-reveillon","status":"publish","type":"post","link":"https:\/\/cajamar.sp.gov.br\/noticias\/2020\/12\/18\/feiras-livres-e-noturnas-serao-montadas-nas-vesperas-de-natal-e-reveillon\/","title":{"rendered":"Feiras livres e noturnas ser\u00e3o montadas nas v\u00e9speras de Natal e R\u00e9veillon"},"content":{"rendered":"\n<figure class=\"wp-block-image size-large\"><img fetchpriority=\"high\" decoding=\"async\" width=\"1280\" height=\"853\" src=\"https:\/\/cajamar.sp.gov.br\/noticias\/wp-content\/uploads\/sites\/2\/2020\/12\/1-3-1280x853.jpg\" alt=\"\" class=\"wp-image-24807\" srcset=\"https:\/\/cajamar.sp.gov.br\/noticias\/wp-content\/uploads\/sites\/2\/2020\/12\/1-3-1280x853.jpg 1280w, https:\/\/cajamar.sp.gov.br\/noticias\/wp-content\/uploads\/sites\/2\/2020\/12\/1-3-768x512.jpg 768w, https:\/\/cajamar.sp.gov.br\/noticias\/wp-content\/uploads\/sites\/2\/2020\/12\/1-3-1536x1024.jpg 1536w, https:\/\/cajamar.sp.gov.br\/noticias\/wp-content\/uploads\/sites\/2\/2020\/12\/1-3.jpg 2048w\" sizes=\"(max-width: 1280px) 100vw, 1280px\" \/><figcaption>As feiras estar\u00e3o nos locais onde tradicionalmente s\u00e3o montadas. Foto: SECOM<\/figcaption><\/figure>\n\n\n\n<p>Nas duas v\u00e9speras de feriados de Natal e R\u00e9veillon (24 e 31), a popula\u00e7\u00e3o poder\u00e1 contar com as feiras livres e noturnas em Cajamar-Centro, Jordan\u00e9sia e Polvilho. As feiras estar\u00e3o nos locais onde tradicionalmente s\u00e3o montadas (veja endere\u00e7os abaixo).<\/p>\n\n\n\n<p>Os moradores do bairro do Ponunduva tamb\u00e9m ter\u00e3o feiras livres noturna nos dias 23 e 30 de dezembro das 17h \u00e0s 22h.<\/p>\n\n\n\n<p>Segundo o secret\u00e1rio de Mobilidade e Desevolvimento Urbano, Leandro Arantes a proposta de manter as feiras livres na v\u00e9spera de Natal e R\u00e9veillon e inserir um calend\u00e1rio extra na semana que antecede as festividades, tem como objetivo contemplar os mun\u00edcipes com produtos a serem utilizados nas tradicionais ceias de fim de ano.<\/p>\n\n\n\n<p><strong>Locais:<\/strong><br>\u2022 <strong>Jordan\u00e9sia<\/strong> \u2013 Avenida Ant\u00f4nio C\u00e2ndido Machado (pr\u00f3ximo ao Parque Cajamar Feliz)<br>\u2022 <strong>Cajamar-Centro<\/strong> \u2013 Pra\u00e7a da Lavrinha<br>\u2022 <strong>Polvilho<\/strong> \u2013 Est\u00e1dio Municipal Ant\u00f4nio Fachina<br>\u2022 <strong>Ponunduva<\/strong> &#8211; Est\u00e1dio Municipal do Ponunduva<\/p>\n\n\n\n<p><strong>Hor\u00e1rios<\/strong>:<br>\u2022 Feiras Livres dos dias 24 e 31 de dezembro: 7h \u00e0s 13h<br>\u2022 Feiras Noturnas dos dias 23 e 30 de dezembro: 17h \u00e0s 22h<\/p>\n\n\n\n<p>Importante: N\u00e3o haver\u00e1 feiras livres nos dias 2 e 3 de janeiro de 2021.<\/p>\n\n\n\n<figure class=\"wp-block-gallery columns-3 is-cropped wp-block-gallery-1 is-layout-flex wp-block-gallery-is-layout-flex\"><ul class=\"blocks-gallery-grid\"><li class=\"blocks-gallery-item\"><figure><img decoding=\"async\" width=\"1280\" height=\"853\" src=\"https:\/\/cajamar.sp.gov.br\/noticias\/wp-content\/uploads\/sites\/2\/2020\/12\/2-4-1280x853.jpg\" alt=\"\" data-id=\"24808\" data-full-url=\"https:\/\/cajamar.sp.gov.br\/noticias\/wp-content\/uploads\/sites\/2\/2020\/12\/2-4.jpg\" data-link=\"https:\/\/cajamar.sp.gov.br\/noticias\/?attachment_id=24808\" class=\"wp-image-24808\" srcset=\"https:\/\/cajamar.sp.gov.br\/noticias\/wp-content\/uploads\/sites\/2\/2020\/12\/2-4-1280x853.jpg 1280w, https:\/\/cajamar.sp.gov.br\/noticias\/wp-content\/uploads\/sites\/2\/2020\/12\/2-4-768x512.jpg 768w, https:\/\/cajamar.sp.gov.br\/noticias\/wp-content\/uploads\/sites\/2\/2020\/12\/2-4-1536x1024.jpg 1536w, https:\/\/cajamar.sp.gov.br\/noticias\/wp-content\/uploads\/sites\/2\/2020\/12\/2-4.jpg 2048w\" sizes=\"(max-width: 1280px) 100vw, 1280px\" \/><figcaption class=\"blocks-gallery-item__caption\">Foto: SECOM<\/figcaption><\/figure><\/li><li class=\"blocks-gallery-item\"><figure><img decoding=\"async\" width=\"1280\" height=\"853\" src=\"https:\/\/cajamar.sp.gov.br\/noticias\/wp-content\/uploads\/sites\/2\/2020\/12\/3-3-1280x853.jpg\" alt=\"\" data-id=\"24809\" data-full-url=\"https:\/\/cajamar.sp.gov.br\/noticias\/wp-content\/uploads\/sites\/2\/2020\/12\/3-3.jpg\" data-link=\"https:\/\/cajamar.sp.gov.br\/noticias\/?attachment_id=24809\" class=\"wp-image-24809\" srcset=\"https:\/\/cajamar.sp.gov.br\/noticias\/wp-content\/uploads\/sites\/2\/2020\/12\/3-3-1280x853.jpg 1280w, https:\/\/cajamar.sp.gov.br\/noticias\/wp-content\/uploads\/sites\/2\/2020\/12\/3-3-768x512.jpg 768w, https:\/\/cajamar.sp.gov.br\/noticias\/wp-content\/uploads\/sites\/2\/2020\/12\/3-3-1536x1024.jpg 1536w, https:\/\/cajamar.sp.gov.br\/noticias\/wp-content\/uploads\/sites\/2\/2020\/12\/3-3.jpg 2048w\" sizes=\"(max-width: 1280px) 100vw, 1280px\" \/><figcaption class=\"blocks-gallery-item__caption\">Foto: SECOM<\/figcaption><\/figure><\/li><li class=\"blocks-gallery-item\"><figure><img loading=\"lazy\" decoding=\"async\" width=\"1280\" height=\"853\" src=\"https:\/\/cajamar.sp.gov.br\/noticias\/wp-content\/uploads\/sites\/2\/2020\/12\/4-3-1280x853.jpg\" alt=\"\" data-id=\"24810\" data-full-url=\"https:\/\/cajamar.sp.gov.br\/noticias\/wp-content\/uploads\/sites\/2\/2020\/12\/4-3.jpg\" data-link=\"https:\/\/cajamar.sp.gov.br\/noticias\/?attachment_id=24810\" class=\"wp-image-24810\" srcset=\"https:\/\/cajamar.sp.gov.br\/noticias\/wp-content\/uploads\/sites\/2\/2020\/12\/4-3-1280x853.jpg 1280w, https:\/\/cajamar.sp.gov.br\/noticias\/wp-content\/uploads\/sites\/2\/2020\/12\/4-3-768x512.jpg 768w, https:\/\/cajamar.sp.gov.br\/noticias\/wp-content\/uploads\/sites\/2\/2020\/12\/4-3-1536x1024.jpg 1536w, https:\/\/cajamar.sp.gov.br\/noticias\/wp-content\/uploads\/sites\/2\/2020\/12\/4-3.jpg 2048w\" sizes=\"(max-width: 1280px) 100vw, 1280px\" \/><figcaption class=\"blocks-gallery-item__caption\">Foto: SECOM<\/figcaption><\/figure><\/li><li class=\"blocks-gallery-item\"><figure><img loading=\"lazy\" decoding=\"async\" width=\"1280\" height=\"853\" src=\"https:\/\/cajamar.sp.gov.br\/noticias\/wp-content\/uploads\/sites\/2\/2020\/12\/5-1280x853.jpg\" alt=\"\" data-id=\"24811\" data-full-url=\"https:\/\/cajamar.sp.gov.br\/noticias\/wp-content\/uploads\/sites\/2\/2020\/12\/5.jpg\" data-link=\"https:\/\/cajamar.sp.gov.br\/noticias\/?attachment_id=24811\" class=\"wp-image-24811\" srcset=\"https:\/\/cajamar.sp.gov.br\/noticias\/wp-content\/uploads\/sites\/2\/2020\/12\/5-1280x853.jpg 1280w, https:\/\/cajamar.sp.gov.br\/noticias\/wp-content\/uploads\/sites\/2\/2020\/12\/5-768x512.jpg 768w, https:\/\/cajamar.sp.gov.br\/noticias\/wp-content\/uploads\/sites\/2\/2020\/12\/5-1536x1023.jpg 1536w, https:\/\/cajamar.sp.gov.br\/noticias\/wp-content\/uploads\/sites\/2\/2020\/12\/5.jpg 2048w\" sizes=\"(max-width: 1280px) 100vw, 1280px\" \/><figcaption class=\"blocks-gallery-item__caption\">Foto: SECOM<\/figcaption><\/figure><\/li><li class=\"blocks-gallery-item\"><figure><img loading=\"lazy\" decoding=\"async\" width=\"1200\" height=\"800\" src=\"https:\/\/cajamar.sp.gov.br\/noticias\/wp-content\/uploads\/sites\/2\/2020\/12\/6.jpg\" alt=\"\" data-id=\"24812\" data-full-url=\"https:\/\/cajamar.sp.gov.br\/noticias\/wp-content\/uploads\/sites\/2\/2020\/12\/6.jpg\" data-link=\"https:\/\/cajamar.sp.gov.br\/noticias\/?attachment_id=24812\" class=\"wp-image-24812\" srcset=\"https:\/\/cajamar.sp.gov.br\/noticias\/wp-content\/uploads\/sites\/2\/2020\/12\/6.jpg 1200w, https:\/\/cajamar.sp.gov.br\/noticias\/wp-content\/uploads\/sites\/2\/2020\/12\/6-768x512.jpg 768w\" sizes=\"(max-width: 1200px) 100vw, 1200px\" \/><figcaption class=\"blocks-gallery-item__caption\">Foto: SECOM<\/figcaption><\/figure><\/li><\/ul><\/figure>\n","protected":false},"excerpt":{"rendered":"<p>A proposta tem como intuito contemplar os mun\u00edcipes com produtos a serem utilizados, inclusive nas ceias de Natal e Ano Novo.<\/p>\n","protected":false},"author":12,"featured_media":24807,"comment_status":"closed","ping_status":"closed","sticky":true,"template":"","format":"standard","meta":{"footnotes":""},"categories":[22,21],"tags":[],"posicao":[28],"class_list":["post-24806","post","type-post","status-publish","format-standard","has-post-thumbnail","hentry","category-desenvolvimento-urbano","category-fiscalizacao","posicao-destaque"],"_links":{"self":[{"href":"https:\/\/cajamar.sp.gov.br\/noticias\/wp-json\/wp\/v2\/posts\/24806","targetHints":{"allow":["GET"]}}],"collection":[{"href":"https:\/\/cajamar.sp.gov.br\/noticias\/wp-json\/wp\/v2\/posts"}],"about":[{"href":"https:\/\/cajamar.sp.gov.br\/noticias\/wp-json\/wp\/v2\/types\/post"}],"author":[{"embeddable":true,"href":"https:\/\/cajamar.sp.gov.br\/noticias\/wp-json\/wp\/v2\/users\/12"}],"replies":[{"embeddable":true,"href":"https:\/\/cajamar.sp.gov.br\/noticias\/wp-json\/wp\/v2\/comments?post=24806"}],"version-history":[{"count":1,"href":"https:\/\/cajamar.sp.gov.br\/noticias\/wp-json\/wp\/v2\/posts\/24806\/revisions"}],"predecessor-version":[{"id":24814,"href":"https:\/\/cajamar.sp.gov.br\/noticias\/wp-json\/wp\/v2\/posts\/24806\/revisions\/24814"}],"wp:featuredmedia":[{"embeddable":true,"href":"https:\/\/cajamar.sp.gov.br\/noticias\/wp-json\/wp\/v2\/media\/24807"}],"wp:attachment":[{"href":"https:\/\/cajamar.sp.gov.br\/noticias\/wp-json\/wp\/v2\/media?parent=24806"}],"wp:term":[{"taxonomy":"category","embeddable":true,"href":"https:\/\/cajamar.sp.gov.br\/noticias\/wp-json\/wp\/v2\/categories?post=24806"},{"taxonomy":"post_tag","embeddable":true,"href":"https:\/\/cajamar.sp.gov.br\/noticias\/wp-json\/wp\/v2\/tags?post=24806"},{"taxonomy":"posicao","embeddable":true,"href":"https:\/\/cajamar.sp.gov.br\/noticias\/wp-json\/wp\/v2\/posicao?post=24806"}],"curies":[{"name":"wp","href":"https:\/\/api.w.org\/{rel}","templated":true}]}}