{"id":24841,"date":"2020-12-23T15:00:00","date_gmt":"2020-12-23T18:00:00","guid":{"rendered":"https:\/\/cajamar.sp.gov.br\/noticias\/?p=24841"},"modified":"2020-12-22T16:05:15","modified_gmt":"2020-12-22T19:05:15","slug":"prefeitura-constroi-muro-no-colegio-aline-cristina-e-garante-mais-seguranca-para-os-alunos","status":"publish","type":"post","link":"https:\/\/cajamar.sp.gov.br\/noticias\/2020\/12\/23\/prefeitura-constroi-muro-no-colegio-aline-cristina-e-garante-mais-seguranca-para-os-alunos\/","title":{"rendered":"Prefeitura constr\u00f3i muro no Col\u00e9gio Aline Cristina e garante mais seguran\u00e7a para os alunos"},"content":{"rendered":"\n<figure class=\"wp-block-image size-large\"><img fetchpriority=\"high\" decoding=\"async\" width=\"1200\" height=\"800\" src=\"https:\/\/cajamar.sp.gov.br\/noticias\/wp-content\/uploads\/sites\/2\/2020\/12\/muro_de_arrimo_emeb_aline_3-1.jpg\" alt=\"\" class=\"wp-image-24843\" srcset=\"https:\/\/cajamar.sp.gov.br\/noticias\/wp-content\/uploads\/sites\/2\/2020\/12\/muro_de_arrimo_emeb_aline_3-1.jpg 1200w, https:\/\/cajamar.sp.gov.br\/noticias\/wp-content\/uploads\/sites\/2\/2020\/12\/muro_de_arrimo_emeb_aline_3-1-768x512.jpg 768w\" sizes=\"(max-width: 1200px) 100vw, 1200px\" \/><figcaption>O muro de conten\u00e7\u00e3o j\u00e1 foi conclu\u00eddo e far\u00e1 a prote\u00e7\u00e3o de toda a base lateral da escola. Foto: SECOM<\/figcaption><\/figure>\n\n\n\n<p>A partir de agora, a EMEB Aline Cristina Santos de Paula ter\u00e1 um ambiente muito mais seguro para receber os seus alunos. A escola, localizada no bairro Colina Maria Luiza, distrito de Jordan\u00e9sia, teve parte da sua base do comprometida devido a um deslizamento de solo, durante o per\u00edodo de enchentes, e a Prefeitura de Cajamar realizou interven\u00e7\u00f5es importantes para refor\u00e7ar a estrutura do pr\u00e9dio<\/p>\n\n\n\n<p>O Servi\u00e7o foi executado pela Secretaria de Infraestrutura e Servi\u00e7os P\u00fablicos. Parte da lateral da unidade que \u00e9 composta por talude estava inst\u00e1vel, apresentando risco iminente de deslizamento. Para conter este risco, as equipes adaptaram um muro em gabi\u00e3o, que foi constru\u00eddo em formato de caixa, para proporcionar maior sustenta\u00e7\u00e3o em toda a infraestrutura do local.<\/p>\n\n\n\n<p>O muro de conten\u00e7\u00e3o j\u00e1 foi conclu\u00eddo e far\u00e1 a prote\u00e7\u00e3o de toda a base lateral da escola. Al\u00e9m disso, foi adaptado um sistema de drenagem na parte superior do muro, para canalizar a \u00e1gua das chuvas, garantindo ainda mais seguran\u00e7a para todos os alunos.<\/p>\n\n\n\n<figure class=\"wp-block-gallery columns-2 is-cropped wp-block-gallery-1 is-layout-flex wp-block-gallery-is-layout-flex\"><ul class=\"blocks-gallery-grid\"><li class=\"blocks-gallery-item\"><figure><img decoding=\"async\" width=\"1200\" height=\"800\" src=\"https:\/\/cajamar.sp.gov.br\/noticias\/wp-content\/uploads\/sites\/2\/2020\/12\/2-5.jpg\" alt=\"\" data-id=\"24844\" data-link=\"https:\/\/cajamar.sp.gov.br\/noticias\/?attachment_id=24844\" class=\"wp-image-24844\" srcset=\"https:\/\/cajamar.sp.gov.br\/noticias\/wp-content\/uploads\/sites\/2\/2020\/12\/2-5.jpg 1200w, https:\/\/cajamar.sp.gov.br\/noticias\/wp-content\/uploads\/sites\/2\/2020\/12\/2-5-768x512.jpg 768w\" sizes=\"(max-width: 1200px) 100vw, 1200px\" \/><figcaption class=\"blocks-gallery-item__caption\">Foto: SECOM<\/figcaption><\/figure><\/li><li class=\"blocks-gallery-item\"><figure><img decoding=\"async\" width=\"1200\" height=\"800\" src=\"https:\/\/cajamar.sp.gov.br\/noticias\/wp-content\/uploads\/sites\/2\/2020\/12\/3-4.jpg\" alt=\"\" data-id=\"24845\" data-full-url=\"https:\/\/cajamar.sp.gov.br\/noticias\/wp-content\/uploads\/sites\/2\/2020\/12\/3-4.jpg\" data-link=\"https:\/\/cajamar.sp.gov.br\/noticias\/?attachment_id=24845\" class=\"wp-image-24845\" srcset=\"https:\/\/cajamar.sp.gov.br\/noticias\/wp-content\/uploads\/sites\/2\/2020\/12\/3-4.jpg 1200w, https:\/\/cajamar.sp.gov.br\/noticias\/wp-content\/uploads\/sites\/2\/2020\/12\/3-4-768x512.jpg 768w\" sizes=\"(max-width: 1200px) 100vw, 1200px\" \/><figcaption class=\"blocks-gallery-item__caption\">Foto: SECOM<\/figcaption><\/figure><\/li><\/ul><\/figure>\n","protected":false},"excerpt":{"rendered":"<p>A Prefeitura construiu um muro de conten\u00e7\u00e3o para refor\u00e7ar a estrutura do pr\u00e9dio. Al\u00e9m disso, o local agora conta com um sistema de drenagem para canalizar a \u00e1gua das chuvas, garantindo ainda mais seguran\u00e7a aos alunos.<\/p>\n","protected":false},"author":12,"featured_media":0,"comment_status":"closed","ping_status":"closed","sticky":true,"template":"","format":"standard","meta":{"footnotes":""},"categories":[15,14],"tags":[],"posicao":[28],"class_list":["post-24841","post","type-post","status-publish","format-standard","hentry","category-infraestrutura","category-servicos-publicos","posicao-destaque"],"_links":{"self":[{"href":"https:\/\/cajamar.sp.gov.br\/noticias\/wp-json\/wp\/v2\/posts\/24841","targetHints":{"allow":["GET"]}}],"collection":[{"href":"https:\/\/cajamar.sp.gov.br\/noticias\/wp-json\/wp\/v2\/posts"}],"about":[{"href":"https:\/\/cajamar.sp.gov.br\/noticias\/wp-json\/wp\/v2\/types\/post"}],"author":[{"embeddable":true,"href":"https:\/\/cajamar.sp.gov.br\/noticias\/wp-json\/wp\/v2\/users\/12"}],"replies":[{"embeddable":true,"href":"https:\/\/cajamar.sp.gov.br\/noticias\/wp-json\/wp\/v2\/comments?post=24841"}],"version-history":[{"count":1,"href":"https:\/\/cajamar.sp.gov.br\/noticias\/wp-json\/wp\/v2\/posts\/24841\/revisions"}],"predecessor-version":[{"id":24846,"href":"https:\/\/cajamar.sp.gov.br\/noticias\/wp-json\/wp\/v2\/posts\/24841\/revisions\/24846"}],"wp:attachment":[{"href":"https:\/\/cajamar.sp.gov.br\/noticias\/wp-json\/wp\/v2\/media?parent=24841"}],"wp:term":[{"taxonomy":"category","embeddable":true,"href":"https:\/\/cajamar.sp.gov.br\/noticias\/wp-json\/wp\/v2\/categories?post=24841"},{"taxonomy":"post_tag","embeddable":true,"href":"https:\/\/cajamar.sp.gov.br\/noticias\/wp-json\/wp\/v2\/tags?post=24841"},{"taxonomy":"posicao","embeddable":true,"href":"https:\/\/cajamar.sp.gov.br\/noticias\/wp-json\/wp\/v2\/posicao?post=24841"}],"curies":[{"name":"wp","href":"https:\/\/api.w.org\/{rel}","templated":true}]}}