{"id":24910,"date":"2020-12-30T13:11:36","date_gmt":"2020-12-30T16:11:36","guid":{"rendered":"https:\/\/cajamar.sp.gov.br\/noticias\/?p=24910"},"modified":"2020-12-30T13:11:36","modified_gmt":"2020-12-30T16:11:36","slug":"linha-970-sao-benedito-tera-o-numero-de-partida-ampliado-a-partir-desta-segunda-feira-04","status":"publish","type":"post","link":"https:\/\/cajamar.sp.gov.br\/noticias\/2020\/12\/30\/linha-970-sao-benedito-tera-o-numero-de-partida-ampliado-a-partir-desta-segunda-feira-04\/","title":{"rendered":"Linha 970\/S\u00e3o Benedito ter\u00e1 o n\u00famero de partida ampliado a partir desta segunda-feira (04)"},"content":{"rendered":"\n<figure class=\"wp-block-image size-large\"><img fetchpriority=\"high\" decoding=\"async\" width=\"1080\" height=\"553\" src=\"https:\/\/cajamar.sp.gov.br\/noticias\/wp-content\/uploads\/sites\/2\/2020\/12\/20201230_130858.jpg\" alt=\"\" class=\"wp-image-24911\" srcset=\"https:\/\/cajamar.sp.gov.br\/noticias\/wp-content\/uploads\/sites\/2\/2020\/12\/20201230_130858.jpg 1080w, https:\/\/cajamar.sp.gov.br\/noticias\/wp-content\/uploads\/sites\/2\/2020\/12\/20201230_130858-768x393.jpg 768w\" sizes=\"(max-width: 1080px) 100vw, 1080px\" \/><figcaption>Foto: SECOM<\/figcaption><\/figure>\n\n\n\n<p>A Prefeitura de Cajamar, por meio da Secretaria de Mobilidade e Desenvolvimento Urbano, conquistou mais uma reivindica\u00e7\u00e3o de melhoria para o transporte coletivo municipal, e na pr\u00f3xima segunda-feira, dia 4 de janeiro, a linha 970 que atende o bairro S\u00e3o Benedito ter\u00e1 o n\u00famero de partida ampliado.<\/p>\n\n\n\n<p>Com a mudan\u00e7a, a linha 970 que encerrava \u00e0s 20h50 ter\u00e1 um acr\u00e9scimo de hor\u00e1rio estendendo a \u00faltima partida para as 22h. A partir da pr\u00f3xima semana a linha 970 passar\u00e1 a oferecer um total de 19 partidas.<\/p>\n\n\n\n<p>Segundo o secret\u00e1rio de Mobilidade e Desenvolvimento Urbano, Leandro Arantes, o acr\u00e9scimo de mais um hor\u00e1rio de partida faz parte da pol\u00edtica do munic\u00edpio de investir no transporte coletivo. \u201cCajamar tem adotado uma pr\u00e1tica de aten\u00e7\u00e3o aos passageiros do transporte p\u00fablico atendendo as principais reivindica\u00e7\u00f5es e demandas da popula\u00e7\u00e3o e possibilitando por exemplo, a amplia\u00e7\u00e3o desta importante linha municipal\u201d, destacou Arantes.<\/p>\n\n\n\n<p>As adequa\u00e7\u00f5es no sistema de transporte p\u00fablico de Cajamar t\u00eam evolu\u00eddo na oferta conforme a demanda e o avan\u00e7o nas fases do Plano S\u00e3o Paulo de Retomada Econ\u00f4mica.<\/p>\n","protected":false},"excerpt":{"rendered":"<p>Com a mudan\u00e7a, a linha 970 que encerrava \u00e0s 20h50 ter\u00e1 um acr\u00e9scimo de hor\u00e1rio estendendo a \u00faltima partida para as 22h. <\/p>\n","protected":false},"author":12,"featured_media":24911,"comment_status":"closed","ping_status":"closed","sticky":true,"template":"","format":"standard","meta":{"footnotes":""},"categories":[22,19],"tags":[],"posicao":[28],"class_list":["post-24910","post","type-post","status-publish","format-standard","has-post-thumbnail","hentry","category-desenvolvimento-urbano","category-mobilidade","posicao-destaque"],"_links":{"self":[{"href":"https:\/\/cajamar.sp.gov.br\/noticias\/wp-json\/wp\/v2\/posts\/24910","targetHints":{"allow":["GET"]}}],"collection":[{"href":"https:\/\/cajamar.sp.gov.br\/noticias\/wp-json\/wp\/v2\/posts"}],"about":[{"href":"https:\/\/cajamar.sp.gov.br\/noticias\/wp-json\/wp\/v2\/types\/post"}],"author":[{"embeddable":true,"href":"https:\/\/cajamar.sp.gov.br\/noticias\/wp-json\/wp\/v2\/users\/12"}],"replies":[{"embeddable":true,"href":"https:\/\/cajamar.sp.gov.br\/noticias\/wp-json\/wp\/v2\/comments?post=24910"}],"version-history":[{"count":1,"href":"https:\/\/cajamar.sp.gov.br\/noticias\/wp-json\/wp\/v2\/posts\/24910\/revisions"}],"predecessor-version":[{"id":24912,"href":"https:\/\/cajamar.sp.gov.br\/noticias\/wp-json\/wp\/v2\/posts\/24910\/revisions\/24912"}],"wp:featuredmedia":[{"embeddable":true,"href":"https:\/\/cajamar.sp.gov.br\/noticias\/wp-json\/wp\/v2\/media\/24911"}],"wp:attachment":[{"href":"https:\/\/cajamar.sp.gov.br\/noticias\/wp-json\/wp\/v2\/media?parent=24910"}],"wp:term":[{"taxonomy":"category","embeddable":true,"href":"https:\/\/cajamar.sp.gov.br\/noticias\/wp-json\/wp\/v2\/categories?post=24910"},{"taxonomy":"post_tag","embeddable":true,"href":"https:\/\/cajamar.sp.gov.br\/noticias\/wp-json\/wp\/v2\/tags?post=24910"},{"taxonomy":"posicao","embeddable":true,"href":"https:\/\/cajamar.sp.gov.br\/noticias\/wp-json\/wp\/v2\/posicao?post=24910"}],"curies":[{"name":"wp","href":"https:\/\/api.w.org\/{rel}","templated":true}]}}