{"id":25138,"date":"2021-02-08T12:19:26","date_gmt":"2021-02-08T15:19:26","guid":{"rendered":"https:\/\/cajamar.sp.gov.br\/noticias\/?p=25138"},"modified":"2021-02-08T12:19:26","modified_gmt":"2021-02-08T15:19:26","slug":"ana-rosa-de-jesus-de-110-anos-e-a-primeira-idosa-vacinada-contra-covid-19-em-cajamar","status":"publish","type":"post","link":"https:\/\/cajamar.sp.gov.br\/noticias\/2021\/02\/08\/ana-rosa-de-jesus-de-110-anos-e-a-primeira-idosa-vacinada-contra-covid-19-em-cajamar\/","title":{"rendered":"Ana Rosa de Jesus, de 110 anos, \u00e9 a primeira idosa vacinada contra covid-19 em Cajamar"},"content":{"rendered":"\n<figure class=\"wp-block-image size-large\"><img fetchpriority=\"high\" decoding=\"async\" width=\"1280\" height=\"960\" src=\"https:\/\/cajamar.sp.gov.br\/noticias\/wp-content\/uploads\/sites\/2\/2021\/02\/imagem-1280x960.jpeg\" alt=\"\" class=\"wp-image-25139\" srcset=\"https:\/\/cajamar.sp.gov.br\/noticias\/wp-content\/uploads\/sites\/2\/2021\/02\/imagem-1280x960.jpeg 1280w, https:\/\/cajamar.sp.gov.br\/noticias\/wp-content\/uploads\/sites\/2\/2021\/02\/imagem-300x225.jpeg 300w, https:\/\/cajamar.sp.gov.br\/noticias\/wp-content\/uploads\/sites\/2\/2021\/02\/imagem-768x576.jpeg 768w, https:\/\/cajamar.sp.gov.br\/noticias\/wp-content\/uploads\/sites\/2\/2021\/02\/imagem-1536x1152.jpeg 1536w, https:\/\/cajamar.sp.gov.br\/noticias\/wp-content\/uploads\/sites\/2\/2021\/02\/imagem.jpeg 2048w\" sizes=\"(max-width: 1280px) 100vw, 1280px\" \/><figcaption>Ana Rosa de Jesus, de 110 anos foi uma das primeiras idosas do munic\u00edpio a ser vacinada contra o covid-19. Foto: SECOM<\/figcaption><\/figure>\n\n\n\n<p>Nesta segunda-feira (08), a campanha Cajamar Vacina contra a covid-19 iniciou a vacina\u00e7\u00e3o nos idosos com idade igual ou superior a 90 anos. A primeira mun\u00edcipe de Cajamar pertencente a este p\u00fablico-alvo a ser imunizada \u00e9 a Senhora Ana Rosa de Jesus, de 110 anos, residente no distrito do Polvilho.<\/p>\n\n\n\n<p>Essa \u00e9 a segunda fase da campanha, que tem como p\u00fablico-alvo idosos com 90 anos ou mais e os profissionais de sa\u00fade que atuam em consult\u00f3rios e cl\u00ednicas particulares. Para evitar aglomera\u00e7\u00f5es, a Secretaria Municipal de Sa\u00fade disponibilizou um canal direto para que os mun\u00edcipes fa\u00e7am um agendamento pr\u00e9vio, onde \u00e9 informado dia e local em que a pessoa ser\u00e1 vacinada, com a possibilidade de atendimento domiciliar para os idosos que tiverem dificuldades de se locomover at\u00e9 uma unidade de sa\u00fade.<\/p>\n\n\n\n<p>Para fazer o agendamento, o respons\u00e1vel pelo idoso deve preencher o formul\u00e1rio online, dispon\u00edvel no site vacinaja.cajamar.sp.gov.br. Ap\u00f3s o preenchimento do pr\u00e9-cadastro, \u00e9 necess\u00e1rio entrar em contato com o TeleSa\u00fade de Cajamar, munido dos documentos pessoais do idoso (CPF e n\u00famero do Cart\u00e3o do SUS) e realizar o agendamento atrav\u00e9s dos telefones: (11) 4447-1233 | (11) 4446-6330 | (11) 4446-6818<\/p>\n\n\n\n<p>Os profissionais da \u00e1rea da sa\u00fade precisar\u00e3o apresentar documento que comprove a profiss\u00e3o. Ser\u00e3o aceitos carteira de trabalho, holerite ou documento de identidade emitido por entidades representativas. As pr\u00f3ximas fases ser\u00e3o definidas conforme o recebimento das novas doses de vacina. \u00c9 importante acompanhar os meios de comunica\u00e7\u00e3o oficiais da Prefeitura de Cajamar, onde ser\u00e3o transmitidas as atualiza\u00e7\u00f5es oficiais das pr\u00f3ximas etapas da campanha.<\/p>\n\n\n\n<figure class=\"wp-block-gallery columns-2 is-cropped wp-block-gallery-1 is-layout-flex wp-block-gallery-is-layout-flex\"><ul class=\"blocks-gallery-grid\"><li class=\"blocks-gallery-item\"><figure><img decoding=\"async\" width=\"1280\" height=\"960\" src=\"https:\/\/cajamar.sp.gov.br\/noticias\/wp-content\/uploads\/sites\/2\/2021\/02\/imagem-1-1280x960.jpeg\" alt=\"\" data-id=\"25140\" data-full-url=\"https:\/\/cajamar.sp.gov.br\/noticias\/wp-content\/uploads\/sites\/2\/2021\/02\/imagem-1.jpeg\" data-link=\"https:\/\/cajamar.sp.gov.br\/noticias\/?attachment_id=25140\" class=\"wp-image-25140\" srcset=\"https:\/\/cajamar.sp.gov.br\/noticias\/wp-content\/uploads\/sites\/2\/2021\/02\/imagem-1-1280x960.jpeg 1280w, https:\/\/cajamar.sp.gov.br\/noticias\/wp-content\/uploads\/sites\/2\/2021\/02\/imagem-1-300x225.jpeg 300w, https:\/\/cajamar.sp.gov.br\/noticias\/wp-content\/uploads\/sites\/2\/2021\/02\/imagem-1-768x576.jpeg 768w, https:\/\/cajamar.sp.gov.br\/noticias\/wp-content\/uploads\/sites\/2\/2021\/02\/imagem-1-1536x1152.jpeg 1536w, https:\/\/cajamar.sp.gov.br\/noticias\/wp-content\/uploads\/sites\/2\/2021\/02\/imagem-1.jpeg 2048w\" sizes=\"(max-width: 1280px) 100vw, 1280px\" \/><\/figure><\/li><li class=\"blocks-gallery-item\"><figure><img decoding=\"async\" width=\"1280\" height=\"960\" src=\"https:\/\/cajamar.sp.gov.br\/noticias\/wp-content\/uploads\/sites\/2\/2021\/02\/imagem-2-1280x960.jpeg\" alt=\"\" data-id=\"25141\" data-full-url=\"https:\/\/cajamar.sp.gov.br\/noticias\/wp-content\/uploads\/sites\/2\/2021\/02\/imagem-2.jpeg\" data-link=\"https:\/\/cajamar.sp.gov.br\/noticias\/?attachment_id=25141\" class=\"wp-image-25141\" srcset=\"https:\/\/cajamar.sp.gov.br\/noticias\/wp-content\/uploads\/sites\/2\/2021\/02\/imagem-2-1280x960.jpeg 1280w, https:\/\/cajamar.sp.gov.br\/noticias\/wp-content\/uploads\/sites\/2\/2021\/02\/imagem-2-300x225.jpeg 300w, https:\/\/cajamar.sp.gov.br\/noticias\/wp-content\/uploads\/sites\/2\/2021\/02\/imagem-2-768x576.jpeg 768w, https:\/\/cajamar.sp.gov.br\/noticias\/wp-content\/uploads\/sites\/2\/2021\/02\/imagem-2-1536x1152.jpeg 1536w, https:\/\/cajamar.sp.gov.br\/noticias\/wp-content\/uploads\/sites\/2\/2021\/02\/imagem-2.jpeg 2048w\" sizes=\"(max-width: 1280px) 100vw, 1280px\" \/><\/figure><\/li><\/ul><\/figure>\n","protected":false},"excerpt":{"rendered":"<p>A segunda fase da campanha tem como p\u00fablico-alvo idosos com 90 anos ou mais e os profissionais de sa\u00fade da rede privada. As principais informa\u00e7\u00f5es est\u00e3o dispon\u00edveis no site vacinaja.cajamar.sp.gov.br<\/p>\n","protected":false},"author":12,"featured_media":25139,"comment_status":"closed","ping_status":"closed","sticky":true,"template":"","format":"standard","meta":{"footnotes":""},"categories":[34,2],"tags":[],"posicao":[28],"class_list":["post-25138","post","type-post","status-publish","format-standard","has-post-thumbnail","hentry","category-coronavirus","category-saude","posicao-destaque"],"_links":{"self":[{"href":"https:\/\/cajamar.sp.gov.br\/noticias\/wp-json\/wp\/v2\/posts\/25138","targetHints":{"allow":["GET"]}}],"collection":[{"href":"https:\/\/cajamar.sp.gov.br\/noticias\/wp-json\/wp\/v2\/posts"}],"about":[{"href":"https:\/\/cajamar.sp.gov.br\/noticias\/wp-json\/wp\/v2\/types\/post"}],"author":[{"embeddable":true,"href":"https:\/\/cajamar.sp.gov.br\/noticias\/wp-json\/wp\/v2\/users\/12"}],"replies":[{"embeddable":true,"href":"https:\/\/cajamar.sp.gov.br\/noticias\/wp-json\/wp\/v2\/comments?post=25138"}],"version-history":[{"count":1,"href":"https:\/\/cajamar.sp.gov.br\/noticias\/wp-json\/wp\/v2\/posts\/25138\/revisions"}],"predecessor-version":[{"id":25142,"href":"https:\/\/cajamar.sp.gov.br\/noticias\/wp-json\/wp\/v2\/posts\/25138\/revisions\/25142"}],"wp:featuredmedia":[{"embeddable":true,"href":"https:\/\/cajamar.sp.gov.br\/noticias\/wp-json\/wp\/v2\/media\/25139"}],"wp:attachment":[{"href":"https:\/\/cajamar.sp.gov.br\/noticias\/wp-json\/wp\/v2\/media?parent=25138"}],"wp:term":[{"taxonomy":"category","embeddable":true,"href":"https:\/\/cajamar.sp.gov.br\/noticias\/wp-json\/wp\/v2\/categories?post=25138"},{"taxonomy":"post_tag","embeddable":true,"href":"https:\/\/cajamar.sp.gov.br\/noticias\/wp-json\/wp\/v2\/tags?post=25138"},{"taxonomy":"posicao","embeddable":true,"href":"https:\/\/cajamar.sp.gov.br\/noticias\/wp-json\/wp\/v2\/posicao?post=25138"}],"curies":[{"name":"wp","href":"https:\/\/api.w.org\/{rel}","templated":true}]}}