{"id":25295,"date":"2021-03-08T20:14:59","date_gmt":"2021-03-08T23:14:59","guid":{"rendered":"https:\/\/cajamar.sp.gov.br\/noticias\/?p=25295"},"modified":"2021-03-08T20:14:59","modified_gmt":"2021-03-08T23:14:59","slug":"prefeitura-realiza-limpeza-nas-ruas-e-residencias-do-bairro-vila-uniao","status":"publish","type":"post","link":"https:\/\/cajamar.sp.gov.br\/noticias\/2021\/03\/08\/prefeitura-realiza-limpeza-nas-ruas-e-residencias-do-bairro-vila-uniao\/","title":{"rendered":"Prefeitura realiza limpeza nas ruas e resid\u00eancias do bairro Vila Uni\u00e3o"},"content":{"rendered":"\n<p>Nesta <strong>segunda-feira (08)<\/strong>, as equipes da <strong>Prefeitura de Cajamar<\/strong> deram continuidade ao s<strong>egundo dia de trabalho intenso<\/strong>, realizando a <strong>limpeza das ruas do bairro Vila Uni\u00e3o<\/strong>, com o objetivo de <strong>reduzir os efeitos do alagamento que atingiu cerca de 275 resid\u00eancias durante o temporal que aconteceu no \u00faltimo domingo<\/strong>.<\/p>\n\n\n\n<figure class=\"wp-block-gallery columns-1 is-cropped wp-block-gallery-1 is-layout-flex wp-block-gallery-is-layout-flex\"><ul class=\"blocks-gallery-grid\"><li class=\"blocks-gallery-item\"><figure><img fetchpriority=\"high\" decoding=\"async\" width=\"1280\" height=\"958\" src=\"https:\/\/cajamar.sp.gov.br\/noticias\/wp-content\/uploads\/sites\/2\/2021\/03\/whatsapp-image-2021-03-08-at-19-54-50.jpeg\" alt=\"\" data-id=\"25296\" data-full-url=\"https:\/\/cajamar.sp.gov.br\/noticias\/wp-content\/uploads\/sites\/2\/2021\/03\/whatsapp-image-2021-03-08-at-19-54-50.jpeg\" data-link=\"https:\/\/cajamar.sp.gov.br\/noticias\/?attachment_id=25296\" class=\"wp-image-25296\" srcset=\"https:\/\/cajamar.sp.gov.br\/noticias\/wp-content\/uploads\/sites\/2\/2021\/03\/whatsapp-image-2021-03-08-at-19-54-50.jpeg 1280w, https:\/\/cajamar.sp.gov.br\/noticias\/wp-content\/uploads\/sites\/2\/2021\/03\/whatsapp-image-2021-03-08-at-19-54-50-300x225.jpeg 300w, https:\/\/cajamar.sp.gov.br\/noticias\/wp-content\/uploads\/sites\/2\/2021\/03\/whatsapp-image-2021-03-08-at-19-54-50-768x575.jpeg 768w\" sizes=\"(max-width: 1280px) 100vw, 1280px\" \/><\/figure><\/li><\/ul><\/figure>\n\n\n\n<p>A opera\u00e7\u00e3o emergencial realizada ap\u00f3s a enchente, reuniu equipes de plant\u00e3o de todas as secretarias do munic\u00edpio, que estiveram de prontid\u00e3o auxiliando as fam\u00edlias prejudicadas. A a\u00e7\u00e3o permaneceu durante a noite toda e o servi\u00e7o segue sendo executado com a limpeza das ruas e casas atingidas.<\/p>\n\n\n\n<p>A administra\u00e7\u00e3o municipal instaurou um procedimento para investigar os respons\u00e1veis e as causas do alagamento para que as fam\u00edlias sejam indenizadas e continuar\u00e1 prestando o suporte necess\u00e1rio aos moradores, amenizando ao m\u00e1ximo o preju\u00edzo causado pela enchente.<\/p>\n\n\n\n<figure class=\"wp-block-gallery columns-1 is-cropped wp-block-gallery-2 is-layout-flex wp-block-gallery-is-layout-flex\"><ul class=\"blocks-gallery-grid\"><li class=\"blocks-gallery-item\"><figure><img decoding=\"async\" width=\"1280\" height=\"958\" src=\"https:\/\/cajamar.sp.gov.br\/noticias\/wp-content\/uploads\/sites\/2\/2021\/03\/whatsapp-image-2021-03-08-at-19-54-51.jpeg\" alt=\"\" data-id=\"25297\" data-full-url=\"https:\/\/cajamar.sp.gov.br\/noticias\/wp-content\/uploads\/sites\/2\/2021\/03\/whatsapp-image-2021-03-08-at-19-54-51.jpeg\" data-link=\"https:\/\/cajamar.sp.gov.br\/noticias\/?attachment_id=25297\" class=\"wp-image-25297\" srcset=\"https:\/\/cajamar.sp.gov.br\/noticias\/wp-content\/uploads\/sites\/2\/2021\/03\/whatsapp-image-2021-03-08-at-19-54-51.jpeg 1280w, https:\/\/cajamar.sp.gov.br\/noticias\/wp-content\/uploads\/sites\/2\/2021\/03\/whatsapp-image-2021-03-08-at-19-54-51-300x225.jpeg 300w, https:\/\/cajamar.sp.gov.br\/noticias\/wp-content\/uploads\/sites\/2\/2021\/03\/whatsapp-image-2021-03-08-at-19-54-51-768x575.jpeg 768w\" sizes=\"(max-width: 1280px) 100vw, 1280px\" \/><\/figure><\/li><\/ul><\/figure>\n\n\n\n<p>A semana iniciou com tempo est\u00e1vel, com chuvas r\u00e1pidas e moderadas ao longo do dia, por\u00e9m, ainda h\u00e1 previs\u00e3o de temporais para os pr\u00f3ximos dias.<\/p>\n","protected":false},"excerpt":{"rendered":"<p>A administra\u00e7\u00e3o municipal instaurou um procedimento para investigar os respons\u00e1veis e as causas do alagamento para que as fam\u00edlias sejam indenizadas<\/p>\n","protected":false},"author":9,"featured_media":25296,"comment_status":"closed","ping_status":"closed","sticky":true,"template":"","format":"standard","meta":{"footnotes":""},"categories":[20,14],"tags":[126,124,125,127,123,119,128,122],"posicao":[28],"class_list":["post-25295","post","type-post","status-publish","format-standard","has-post-thumbnail","hentry","category-defesa-civil","category-servicos-publicos","tag-alagamento","tag-chuva","tag-desmoronamento","tag-enchente","tag-limpeza","tag-tempestade","tag-temporal","tag-vila-uniao","posicao-destaque"],"_links":{"self":[{"href":"https:\/\/cajamar.sp.gov.br\/noticias\/wp-json\/wp\/v2\/posts\/25295","targetHints":{"allow":["GET"]}}],"collection":[{"href":"https:\/\/cajamar.sp.gov.br\/noticias\/wp-json\/wp\/v2\/posts"}],"about":[{"href":"https:\/\/cajamar.sp.gov.br\/noticias\/wp-json\/wp\/v2\/types\/post"}],"author":[{"embeddable":true,"href":"https:\/\/cajamar.sp.gov.br\/noticias\/wp-json\/wp\/v2\/users\/9"}],"replies":[{"embeddable":true,"href":"https:\/\/cajamar.sp.gov.br\/noticias\/wp-json\/wp\/v2\/comments?post=25295"}],"version-history":[{"count":1,"href":"https:\/\/cajamar.sp.gov.br\/noticias\/wp-json\/wp\/v2\/posts\/25295\/revisions"}],"predecessor-version":[{"id":25298,"href":"https:\/\/cajamar.sp.gov.br\/noticias\/wp-json\/wp\/v2\/posts\/25295\/revisions\/25298"}],"wp:featuredmedia":[{"embeddable":true,"href":"https:\/\/cajamar.sp.gov.br\/noticias\/wp-json\/wp\/v2\/media\/25296"}],"wp:attachment":[{"href":"https:\/\/cajamar.sp.gov.br\/noticias\/wp-json\/wp\/v2\/media?parent=25295"}],"wp:term":[{"taxonomy":"category","embeddable":true,"href":"https:\/\/cajamar.sp.gov.br\/noticias\/wp-json\/wp\/v2\/categories?post=25295"},{"taxonomy":"post_tag","embeddable":true,"href":"https:\/\/cajamar.sp.gov.br\/noticias\/wp-json\/wp\/v2\/tags?post=25295"},{"taxonomy":"posicao","embeddable":true,"href":"https:\/\/cajamar.sp.gov.br\/noticias\/wp-json\/wp\/v2\/posicao?post=25295"}],"curies":[{"name":"wp","href":"https:\/\/api.w.org\/{rel}","templated":true}]}}