{"id":25340,"date":"2021-03-12T18:00:00","date_gmt":"2021-03-12T21:00:00","guid":{"rendered":"https:\/\/cajamar.sp.gov.br\/noticias\/?p=25340"},"modified":"2021-03-12T17:09:02","modified_gmt":"2021-03-12T20:09:02","slug":"cajamar-inicia-o-agendamento-da-vacinacao-contra-covid-19-para-idosos-a-partir-de-75-anos","status":"publish","type":"post","link":"https:\/\/cajamar.sp.gov.br\/noticias\/2021\/03\/12\/cajamar-inicia-o-agendamento-da-vacinacao-contra-covid-19-para-idosos-a-partir-de-75-anos\/","title":{"rendered":"Cajamar inicia o agendamento da vacina\u00e7\u00e3o contra Covid-19 para idosos a partir de 75 anos"},"content":{"rendered":"\n<figure class=\"wp-block-gallery columns-1 is-cropped wp-block-gallery-1 is-layout-flex wp-block-gallery-is-layout-flex\"><ul class=\"blocks-gallery-grid\"><li class=\"blocks-gallery-item\"><figure><img fetchpriority=\"high\" decoding=\"async\" width=\"1200\" height=\"800\" src=\"https:\/\/cajamar.sp.gov.br\/noticias\/wp-content\/uploads\/sites\/2\/2021\/03\/vacina_covid_4-1.jpg\" alt=\"\" data-id=\"25342\" data-full-url=\"https:\/\/cajamar.sp.gov.br\/noticias\/wp-content\/uploads\/sites\/2\/2021\/03\/vacina_covid_4-1.jpg\" data-link=\"https:\/\/cajamar.sp.gov.br\/noticias\/?attachment_id=25342\" class=\"wp-image-25342\" srcset=\"https:\/\/cajamar.sp.gov.br\/noticias\/wp-content\/uploads\/sites\/2\/2021\/03\/vacina_covid_4-1.jpg 1200w, https:\/\/cajamar.sp.gov.br\/noticias\/wp-content\/uploads\/sites\/2\/2021\/03\/vacina_covid_4-1-768x512.jpg 768w\" sizes=\"(max-width: 1200px) 100vw, 1200px\" \/><\/figure><\/li><\/ul><\/figure>\n\n\n\n<p>A Prefeitura de Cajamar anunciou a nova etapa do cronograma de vacina\u00e7\u00e3o contra Covid-19. A sexta fase da campanha ter\u00e1 in\u00edcio a partir do dia 15 de mar\u00e7o e as imuniza\u00e7\u00f5es ser\u00e3o destinadas para os idosos com idade igual ou superior a 75 anos. A campanha est\u00e1 sendo feita com agendamento pr\u00e9vio para evitar aglomera\u00e7\u00f5es nas unidades de sa\u00fade.<\/p>\n\n\n\n<p>Para fazer o agendamento \u00e9 necess\u00e1rio preencher o formul\u00e1rio online dispon\u00edvel no site vacinaja.cajamar.sp.gov.br. Ap\u00f3s o preenchimento do pr\u00e9-cadastro, o idoso ou respons\u00e1vel deve entrar em contato com o Tele Sa\u00fade de Cajamar, munido dos documentos pessoais do idoso (CPF e n\u00famero do Cart\u00e3o do SUS) e fazer o agendamento atrav\u00e9s dos telefones: (11) 4447-1233 | (11) 4446-6330 | (11) 4446-6818.<\/p>\n\n\n\n<p>A Secretaria de Sa\u00fade j\u00e1 iniciou o agendamento desta fase. As pr\u00f3ximas etapas ser\u00e3o divulgadas conforme o recebimento dos lotes de imuniza\u00e7\u00f5es. \u00c9 importante acompanhar os meios de comunica\u00e7\u00e3o oficiais da Prefeitura de Cajamar, onde ser\u00e3o transmitidas as atualiza\u00e7\u00f5es das novas fases do cronograma de vacina\u00e7\u00e3o.<\/p>\n\n\n\n<figure class=\"wp-block-gallery columns-3 is-cropped wp-block-gallery-2 is-layout-flex wp-block-gallery-is-layout-flex\"><ul class=\"blocks-gallery-grid\"><li class=\"blocks-gallery-item\"><figure><img decoding=\"async\" width=\"1200\" height=\"800\" src=\"https:\/\/cajamar.sp.gov.br\/noticias\/wp-content\/uploads\/sites\/2\/2021\/03\/vacina_covid_1.jpg\" alt=\"\" data-id=\"25343\" data-full-url=\"https:\/\/cajamar.sp.gov.br\/noticias\/wp-content\/uploads\/sites\/2\/2021\/03\/vacina_covid_1.jpg\" data-link=\"https:\/\/cajamar.sp.gov.br\/noticias\/?attachment_id=25343\" class=\"wp-image-25343\" srcset=\"https:\/\/cajamar.sp.gov.br\/noticias\/wp-content\/uploads\/sites\/2\/2021\/03\/vacina_covid_1.jpg 1200w, https:\/\/cajamar.sp.gov.br\/noticias\/wp-content\/uploads\/sites\/2\/2021\/03\/vacina_covid_1-768x512.jpg 768w\" sizes=\"(max-width: 1200px) 100vw, 1200px\" \/><\/figure><\/li><li class=\"blocks-gallery-item\"><figure><img decoding=\"async\" width=\"1200\" height=\"800\" src=\"https:\/\/cajamar.sp.gov.br\/noticias\/wp-content\/uploads\/sites\/2\/2021\/03\/vacina_covid_2.jpg\" alt=\"\" data-id=\"25344\" data-full-url=\"https:\/\/cajamar.sp.gov.br\/noticias\/wp-content\/uploads\/sites\/2\/2021\/03\/vacina_covid_2.jpg\" data-link=\"https:\/\/cajamar.sp.gov.br\/noticias\/?attachment_id=25344\" class=\"wp-image-25344\" srcset=\"https:\/\/cajamar.sp.gov.br\/noticias\/wp-content\/uploads\/sites\/2\/2021\/03\/vacina_covid_2.jpg 1200w, https:\/\/cajamar.sp.gov.br\/noticias\/wp-content\/uploads\/sites\/2\/2021\/03\/vacina_covid_2-768x512.jpg 768w\" sizes=\"(max-width: 1200px) 100vw, 1200px\" \/><\/figure><\/li><li class=\"blocks-gallery-item\"><figure><img loading=\"lazy\" decoding=\"async\" width=\"1200\" height=\"800\" src=\"https:\/\/cajamar.sp.gov.br\/noticias\/wp-content\/uploads\/sites\/2\/2021\/03\/vacina_covid_3.jpg\" alt=\"\" data-id=\"25345\" data-full-url=\"https:\/\/cajamar.sp.gov.br\/noticias\/wp-content\/uploads\/sites\/2\/2021\/03\/vacina_covid_3.jpg\" data-link=\"https:\/\/cajamar.sp.gov.br\/noticias\/?attachment_id=25345\" class=\"wp-image-25345\" srcset=\"https:\/\/cajamar.sp.gov.br\/noticias\/wp-content\/uploads\/sites\/2\/2021\/03\/vacina_covid_3.jpg 1200w, https:\/\/cajamar.sp.gov.br\/noticias\/wp-content\/uploads\/sites\/2\/2021\/03\/vacina_covid_3-768x512.jpg 768w\" sizes=\"(max-width: 1200px) 100vw, 1200px\" \/><\/figure><\/li><li class=\"blocks-gallery-item\"><figure><img loading=\"lazy\" decoding=\"async\" width=\"1200\" height=\"800\" src=\"https:\/\/cajamar.sp.gov.br\/noticias\/wp-content\/uploads\/sites\/2\/2021\/03\/vacina_covid_5.jpg\" alt=\"\" data-id=\"25346\" data-full-url=\"https:\/\/cajamar.sp.gov.br\/noticias\/wp-content\/uploads\/sites\/2\/2021\/03\/vacina_covid_5.jpg\" data-link=\"https:\/\/cajamar.sp.gov.br\/noticias\/?attachment_id=25346\" class=\"wp-image-25346\" srcset=\"https:\/\/cajamar.sp.gov.br\/noticias\/wp-content\/uploads\/sites\/2\/2021\/03\/vacina_covid_5.jpg 1200w, https:\/\/cajamar.sp.gov.br\/noticias\/wp-content\/uploads\/sites\/2\/2021\/03\/vacina_covid_5-768x512.jpg 768w\" sizes=\"(max-width: 1200px) 100vw, 1200px\" \/><\/figure><\/li><\/ul><\/figure>\n","protected":false},"excerpt":{"rendered":"<p>Essa \u00e9 a sexta etapa do cronograma de vacina\u00e7\u00e3o. Para fazer o agendamento, acesse vacinaja.cajamar.sp.gov.br e siga as instru\u00e7\u00f5es <\/p>\n","protected":false},"author":12,"featured_media":25341,"comment_status":"closed","ping_status":"closed","sticky":true,"template":"","format":"standard","meta":{"footnotes":""},"categories":[34,2,86],"tags":[177,179,69,176,175,109,178,162,106],"posicao":[28],"class_list":["post-25340","post","type-post","status-publish","format-standard","has-post-thumbnail","hentry","category-coronavirus","category-saude","category-vacinaja-cajamar","tag-75-anos","tag-agendamento","tag-cajamar","tag-corona-virus-2","tag-coronavirus-2","tag-covid-19","tag-idosos","tag-vacinacao","tag-vacinaja","posicao-destaque"],"_links":{"self":[{"href":"https:\/\/cajamar.sp.gov.br\/noticias\/wp-json\/wp\/v2\/posts\/25340","targetHints":{"allow":["GET"]}}],"collection":[{"href":"https:\/\/cajamar.sp.gov.br\/noticias\/wp-json\/wp\/v2\/posts"}],"about":[{"href":"https:\/\/cajamar.sp.gov.br\/noticias\/wp-json\/wp\/v2\/types\/post"}],"author":[{"embeddable":true,"href":"https:\/\/cajamar.sp.gov.br\/noticias\/wp-json\/wp\/v2\/users\/12"}],"replies":[{"embeddable":true,"href":"https:\/\/cajamar.sp.gov.br\/noticias\/wp-json\/wp\/v2\/comments?post=25340"}],"version-history":[{"count":1,"href":"https:\/\/cajamar.sp.gov.br\/noticias\/wp-json\/wp\/v2\/posts\/25340\/revisions"}],"predecessor-version":[{"id":25347,"href":"https:\/\/cajamar.sp.gov.br\/noticias\/wp-json\/wp\/v2\/posts\/25340\/revisions\/25347"}],"wp:featuredmedia":[{"embeddable":true,"href":"https:\/\/cajamar.sp.gov.br\/noticias\/wp-json\/wp\/v2\/media\/25341"}],"wp:attachment":[{"href":"https:\/\/cajamar.sp.gov.br\/noticias\/wp-json\/wp\/v2\/media?parent=25340"}],"wp:term":[{"taxonomy":"category","embeddable":true,"href":"https:\/\/cajamar.sp.gov.br\/noticias\/wp-json\/wp\/v2\/categories?post=25340"},{"taxonomy":"post_tag","embeddable":true,"href":"https:\/\/cajamar.sp.gov.br\/noticias\/wp-json\/wp\/v2\/tags?post=25340"},{"taxonomy":"posicao","embeddable":true,"href":"https:\/\/cajamar.sp.gov.br\/noticias\/wp-json\/wp\/v2\/posicao?post=25340"}],"curies":[{"name":"wp","href":"https:\/\/api.w.org\/{rel}","templated":true}]}}