{"id":25348,"date":"2021-03-13T13:30:20","date_gmt":"2021-03-13T16:30:20","guid":{"rendered":"https:\/\/cajamar.sp.gov.br\/noticias\/?p=25348"},"modified":"2021-03-13T13:30:20","modified_gmt":"2021-03-13T16:30:20","slug":"live-em-comemoracao-ao-dia-internacional-da-sindrome-de-down","status":"publish","type":"post","link":"https:\/\/cajamar.sp.gov.br\/noticias\/2021\/03\/13\/live-em-comemoracao-ao-dia-internacional-da-sindrome-de-down\/","title":{"rendered":"LIVE EM COMEMORA\u00c7\u00c3O AO DIA INTERNACIONAL DA S\u00cdNDROME DE DOWN"},"content":{"rendered":"\n<figure class=\"wp-block-gallery columns-1 is-cropped wp-block-gallery-1 is-layout-flex wp-block-gallery-is-layout-flex\"><ul class=\"blocks-gallery-grid\"><li class=\"blocks-gallery-item\"><figure><img fetchpriority=\"high\" decoding=\"async\" width=\"1000\" height=\"700\" src=\"https:\/\/cajamar.sp.gov.br\/noticias\/wp-content\/uploads\/sites\/2\/2021\/03\/site-live-sindrome-de-down-1.jpg\" alt=\"\" data-id=\"25349\" data-full-url=\"https:\/\/cajamar.sp.gov.br\/noticias\/wp-content\/uploads\/sites\/2\/2021\/03\/site-live-sindrome-de-down-1.jpg\" data-link=\"https:\/\/cajamar.sp.gov.br\/noticias\/?attachment_id=25349\" class=\"wp-image-25349\" srcset=\"https:\/\/cajamar.sp.gov.br\/noticias\/wp-content\/uploads\/sites\/2\/2021\/03\/site-live-sindrome-de-down-1.jpg 1000w, https:\/\/cajamar.sp.gov.br\/noticias\/wp-content\/uploads\/sites\/2\/2021\/03\/site-live-sindrome-de-down-1-768x538.jpg 768w\" sizes=\"(max-width: 1000px) 100vw, 1000px\" \/><\/figure><\/li><\/ul><\/figure>\n\n\n\n<p>No dia 21 de mar\u00e7o \u00e9 comemorado o Dia Internacional da S\u00edndrome de Down. Com o passar do tempo a voz das pessoas com defici\u00eancia e daqueles que convivem com elas vem sendo fortalecida e nos trazendo muitos ensinamentos!<\/p>\n\n\n\n<p>Venha comemorar conosco participando da live: Como enfrentar e vencer as barreiras impostas pelo preconceito realizada pela Prefeitura de Cajamar em parceria com o Centro de Apoio \u00e0 Pessoa com Defici\u00eancia (CAPcD) e o Centro de Aten\u00e7\u00e3o Psicossocial Infantil (CAPSi) e a Universidade de S\u00e3o Paulo (USP) com a participa\u00e7\u00e3o especial de Giovanna Guzzo e Leonilda Silva.<\/p>\n\n\n\n<p>?? Giovanna Guzzo, 21 anos, com T21 (condi\u00e7\u00e3o humana caracterizada pela presen\u00e7a de um cromossomo a mais do par 21), concluiu o Ensino M\u00e9dio, trabalha na empresa Almaroma como recepcionista e faz trabalhos extras como modelo;<\/p>\n\n\n\n<p>?? Leonilda Silva, palestrante, formada em moda, propriet\u00e1ria do Ateli\u00ea Consult\u00f3rio da Moda, autora do livro &#8220;Quem ajuda Quem &#8211; uma m\u00e3e e seu filho com S\u00edndrome de Down&#8221;, volunt\u00e1ria no Instituto S\u00e3o Clemente, antiga APAE e participante de rodas de conversas em escolas abordando temas como inclus\u00e3o.<\/p>\n\n\n\n<p>?\ufe0f Dia 17 de mar\u00e7o \u00e0s 19h<br>?\ufe0f <a href=\"http:\/\/www.youtube.com\/prefeituradecajamaroficial\">www.youtube.com\/prefeituradecajamaroficial<\/a><br>?\ufe0f <a href=\"http:\/\/www.facebook.com\/PrefeituraCajamar\">www.facebook.com\/PrefeituraCajamar<\/a><\/p>\n","protected":false},"excerpt":{"rendered":"<p>No dia 21 de mar\u00e7o \u00e9 comemorado o Dia Internacional da S\u00edndrome de Down. Com o passar do tempo a voz das pessoas com defici\u00eancia e daqueles que convivem com elas vem sendo fortalecida e nos trazendo muitos ensinamentos!<\/p>\n","protected":false},"author":7,"featured_media":25349,"comment_status":"closed","ping_status":"closed","sticky":true,"template":"","format":"standard","meta":{"footnotes":""},"categories":[8],"tags":[183,182,184,185,181,180],"posicao":[28],"class_list":["post-25348","post","type-post","status-publish","format-standard","has-post-thumbnail","hentry","category-educacao","tag-17-de-marco","tag-dia-internacional-da-sindrome-de-down","tag-giovanna-guzzo","tag-leonilda-silva","tag-live","tag-sindrome-de-down","posicao-destaque"],"_links":{"self":[{"href":"https:\/\/cajamar.sp.gov.br\/noticias\/wp-json\/wp\/v2\/posts\/25348","targetHints":{"allow":["GET"]}}],"collection":[{"href":"https:\/\/cajamar.sp.gov.br\/noticias\/wp-json\/wp\/v2\/posts"}],"about":[{"href":"https:\/\/cajamar.sp.gov.br\/noticias\/wp-json\/wp\/v2\/types\/post"}],"author":[{"embeddable":true,"href":"https:\/\/cajamar.sp.gov.br\/noticias\/wp-json\/wp\/v2\/users\/7"}],"replies":[{"embeddable":true,"href":"https:\/\/cajamar.sp.gov.br\/noticias\/wp-json\/wp\/v2\/comments?post=25348"}],"version-history":[{"count":1,"href":"https:\/\/cajamar.sp.gov.br\/noticias\/wp-json\/wp\/v2\/posts\/25348\/revisions"}],"predecessor-version":[{"id":25350,"href":"https:\/\/cajamar.sp.gov.br\/noticias\/wp-json\/wp\/v2\/posts\/25348\/revisions\/25350"}],"wp:featuredmedia":[{"embeddable":true,"href":"https:\/\/cajamar.sp.gov.br\/noticias\/wp-json\/wp\/v2\/media\/25349"}],"wp:attachment":[{"href":"https:\/\/cajamar.sp.gov.br\/noticias\/wp-json\/wp\/v2\/media?parent=25348"}],"wp:term":[{"taxonomy":"category","embeddable":true,"href":"https:\/\/cajamar.sp.gov.br\/noticias\/wp-json\/wp\/v2\/categories?post=25348"},{"taxonomy":"post_tag","embeddable":true,"href":"https:\/\/cajamar.sp.gov.br\/noticias\/wp-json\/wp\/v2\/tags?post=25348"},{"taxonomy":"posicao","embeddable":true,"href":"https:\/\/cajamar.sp.gov.br\/noticias\/wp-json\/wp\/v2\/posicao?post=25348"}],"curies":[{"name":"wp","href":"https:\/\/api.w.org\/{rel}","templated":true}]}}