{"id":25978,"date":"2021-06-22T19:32:54","date_gmt":"2021-06-22T22:32:54","guid":{"rendered":"https:\/\/cajamar.sp.gov.br\/noticias\/?p=25978"},"modified":"2021-06-25T10:50:08","modified_gmt":"2021-06-25T13:50:08","slug":"vacinacao-contra-covid-19-segue-sem-grupos-prioritarios","status":"publish","type":"post","link":"https:\/\/cajamar.sp.gov.br\/noticias\/2021\/06\/22\/vacinacao-contra-covid-19-segue-sem-grupos-prioritarios\/","title":{"rendered":"Vacina\u00e7\u00e3o contra COVID-19 segue sem grupos priorit\u00e1rios"},"content":{"rendered":"\n<figure class=\"wp-block-image size-large\"><img fetchpriority=\"high\" decoding=\"async\" width=\"1000\" height=\"700\" src=\"https:\/\/cajamar.sp.gov.br\/noticias\/wp-content\/uploads\/sites\/2\/2021\/06\/site-comunicado-faixa-etaria.png\" alt=\"\" class=\"wp-image-25979\" srcset=\"https:\/\/cajamar.sp.gov.br\/noticias\/wp-content\/uploads\/sites\/2\/2021\/06\/site-comunicado-faixa-etaria.png 1000w, https:\/\/cajamar.sp.gov.br\/noticias\/wp-content\/uploads\/sites\/2\/2021\/06\/site-comunicado-faixa-etaria-768x538.png 768w\" sizes=\"(max-width: 1000px) 100vw, 1000px\" \/><\/figure>\n\n\n\n<p>A Secretaria de Sa\u00fade de Cajamar informa que, por determina\u00e7\u00e3o da GVE (Ger\u00eancia de Vigil\u00e2ncia Epidemiol\u00f3gica do Estado), a partir desta ter\u00e7a-feira (22), <strong>acabam os grupos priorit\u00e1rios<\/strong> para a vacina contra a COVID-19. Com isso, o Cronograma de Vacina\u00e7\u00e3o ter\u00e1 <strong>continuidade de acordo com a faixa et\u00e1ria<\/strong>.<\/p>\n\n\n\n<p>Para as pessoas pertencentes aos grupos priorit\u00e1rios, como <strong>profissionais da Educa\u00e7\u00e3o<\/strong>,<strong> idosos<\/strong> e pessoas de <strong>50 a 59 anos<\/strong>, que ainda n\u00e3o tomaram a primeira dose da vacina, o munic\u00edpio de Cajamar contar\u00e1 com <strong>Cadastro Reserva<\/strong>, que poder\u00e1 ser feito atrav\u00e9s de agendamento pelo Tele Sa\u00fade para que as doses sejam solicitadas ao Governo Estadual.<\/p>\n\n\n\n<p>As <strong>gestantes e pu\u00e9rperas<\/strong> que ainda n\u00e3o se imunizaram devem procurar a Unidade de Sa\u00fade mais pr\u00f3xima da sua resid\u00eancia para o agendamento da vacina\u00e7\u00e3o. Para as gestantes e pu\u00e9rperas que fazem ou fizeram o pr\u00e9-natal no conv\u00eanio ou rede particular, \u00e9 preciso fazer o agendamento por telefone.<\/p>\n\n\n\n<ul class=\"wp-block-list\"><li><strong>TELEATENDIMENTO SA\u00daDE: 4446-0101<\/strong><\/li><\/ul>\n","protected":false},"excerpt":{"rendered":"<p>A partir de agora o Cronograma de Vacina\u00e7\u00e3o ter\u00e1 continuidade de acordo com a faixa et\u00e1ria.<\/p>\n","protected":false},"author":5,"featured_media":25979,"comment_status":"closed","ping_status":"closed","sticky":true,"template":"","format":"standard","meta":{"footnotes":""},"categories":[34,2,86],"tags":[733,732,565,278],"posicao":[28],"class_list":["post-25978","post","type-post","status-publish","format-standard","has-post-thumbnail","hentry","category-coronavirus","category-saude","category-vacinaja-cajamar","tag-cadastro-reserva","tag-faixa-etaria","tag-lista-de-espera","tag-tele-saude","posicao-destaque"],"_links":{"self":[{"href":"https:\/\/cajamar.sp.gov.br\/noticias\/wp-json\/wp\/v2\/posts\/25978","targetHints":{"allow":["GET"]}}],"collection":[{"href":"https:\/\/cajamar.sp.gov.br\/noticias\/wp-json\/wp\/v2\/posts"}],"about":[{"href":"https:\/\/cajamar.sp.gov.br\/noticias\/wp-json\/wp\/v2\/types\/post"}],"author":[{"embeddable":true,"href":"https:\/\/cajamar.sp.gov.br\/noticias\/wp-json\/wp\/v2\/users\/5"}],"replies":[{"embeddable":true,"href":"https:\/\/cajamar.sp.gov.br\/noticias\/wp-json\/wp\/v2\/comments?post=25978"}],"version-history":[{"count":4,"href":"https:\/\/cajamar.sp.gov.br\/noticias\/wp-json\/wp\/v2\/posts\/25978\/revisions"}],"predecessor-version":[{"id":26004,"href":"https:\/\/cajamar.sp.gov.br\/noticias\/wp-json\/wp\/v2\/posts\/25978\/revisions\/26004"}],"wp:featuredmedia":[{"embeddable":true,"href":"https:\/\/cajamar.sp.gov.br\/noticias\/wp-json\/wp\/v2\/media\/25979"}],"wp:attachment":[{"href":"https:\/\/cajamar.sp.gov.br\/noticias\/wp-json\/wp\/v2\/media?parent=25978"}],"wp:term":[{"taxonomy":"category","embeddable":true,"href":"https:\/\/cajamar.sp.gov.br\/noticias\/wp-json\/wp\/v2\/categories?post=25978"},{"taxonomy":"post_tag","embeddable":true,"href":"https:\/\/cajamar.sp.gov.br\/noticias\/wp-json\/wp\/v2\/tags?post=25978"},{"taxonomy":"posicao","embeddable":true,"href":"https:\/\/cajamar.sp.gov.br\/noticias\/wp-json\/wp\/v2\/posicao?post=25978"}],"curies":[{"name":"wp","href":"https:\/\/api.w.org\/{rel}","templated":true}]}}