{"id":26177,"date":"2021-07-23T16:46:36","date_gmt":"2021-07-23T19:46:36","guid":{"rendered":"https:\/\/cajamar.sp.gov.br\/noticias\/?p=26177"},"modified":"2022-06-06T18:17:27","modified_gmt":"2022-06-06T21:17:27","slug":"prefeitura-reabre-inscricoes-para-o-conselho-de-usuarios-dos-servicos-publicos-municipais","status":"publish","type":"post","link":"https:\/\/cajamar.sp.gov.br\/noticias\/2021\/07\/23\/prefeitura-reabre-inscricoes-para-o-conselho-de-usuarios-dos-servicos-publicos-municipais\/","title":{"rendered":"Prefeitura reabre inscri\u00e7\u00f5es para o Conselho de Usu\u00e1rios dos Servi\u00e7os P\u00fablicos Municipais"},"content":{"rendered":"\n<figure class=\"wp-block-image size-large\"><img fetchpriority=\"high\" decoding=\"async\" width=\"1000\" height=\"700\" src=\"https:\/\/cajamar.sp.gov.br\/noticias\/wp-content\/uploads\/sites\/2\/2021\/07\/site-conselho-de-usuarios.png\" alt=\"\" class=\"wp-image-26178\" srcset=\"https:\/\/cajamar.sp.gov.br\/noticias\/wp-content\/uploads\/sites\/2\/2021\/07\/site-conselho-de-usuarios.png 1000w, https:\/\/cajamar.sp.gov.br\/noticias\/wp-content\/uploads\/sites\/2\/2021\/07\/site-conselho-de-usuarios-768x538.png 768w\" sizes=\"(max-width: 1000px) 100vw, 1000px\" \/><\/figure>\n\n\n\n<p>A Prefeitura Municipal de Cajamar, por meio da Controladoria Geral do Munic\u00edpio, abriu novamente as inscri\u00e7\u00f5es para a sele\u00e7\u00e3o dos membros do Conselho de Usu\u00e1rio dos Servi\u00e7os P\u00fablicos Municipais para os eixos que n\u00e3o houveram inscritos no in\u00edcio de 2021.<\/p>\n\n\n\n<p>A reabertura se dar\u00e1 para o preenchimento das vagas de: MEMBRO TITULAR do eixo de Seguran\u00e7a Urbana e Defesa Civil, MEMBRO SUPLENTE do eixo de Seguran\u00e7a Urbana e Defesa Civil e MEMBRO SUPLENTE do eixo de Educa\u00e7\u00e3o, Cultura e Esportes. Os interessados t\u00eam at\u00e9 o dia 20 de agosto para fazer a inscri\u00e7\u00e3o.<\/p>\n\n\n\n<p>Para participar, \u00e9 necess\u00e1rio seguir o processo descrito no Edital de Chamamento P\u00fablico CGM n\u00ba 01\/2020. Far\u00e3o parte do novo conselho oito membros titulares, acompanhados de seus respectivos suplentes, sendo quatro representantes da sociedade e quatro da Administra\u00e7\u00e3o Municipal.<\/p>\n\n\n\n<p>Ap\u00f3s inscri\u00e7\u00e3o, os interessados passar\u00e3o por avalia\u00e7\u00e3o de uma comiss\u00e3o, que definir\u00e1 se os participantes est\u00e3o habilitados para concorrer ao Chamamento P\u00fablico conforme publicado no Di\u00e1rio Oficial do munic\u00edpio. O mandato dos conselheiros ser\u00e1 de dois anos, podendo ser prorrogado por igual per\u00edodo. A participa\u00e7\u00e3o no \u00f3rg\u00e3o n\u00e3o ser\u00e1 remunerada.<\/p>\n\n\n\n<p><strong>Saiba mais sobre o Conselho de Usu\u00e1rios dos Servi\u00e7os P\u00fablicos Municipais<\/strong><\/p>\n\n\n\n<p>O Conselho Municipal de Usu\u00e1rios dos Servi\u00e7os P\u00fablicos (COMUSP) tem finalidade de participar da avalia\u00e7\u00e3o da qualidade dos servi\u00e7os p\u00fablicos e trazer sugest\u00f5es e propostas para a constante melhoria e adequa\u00e7\u00e3o da presta\u00e7\u00e3o dos servi\u00e7os p\u00fablicos municipais.<\/p>\n\n\n\n<p>A cria\u00e7\u00e3o dos eixos busca garantir a representatividade e pluralidade, com vistas ao equil\u00edbrio em sua representa\u00e7\u00e3o. Contudo, o conselho dever\u00e1 observar todos os servi\u00e7os prestados pela Administra\u00e7\u00e3o P\u00fablica, independente de eixo de representatividade.<\/p>\n\n\n\n<p><strong>Inscri\u00e7\u00f5es at\u00e9 o dia 20\/08 para as seguintes vagas:<\/strong><\/p>\n\n\n\n<ul class=\"wp-block-list\"><li><strong>MEMBRO TITULAR do eixo de Seguran\u00e7a Urbana e Defesa Civil;<\/strong><\/li><li><strong>MEMBRO SUPLENTE do eixo de Seguran\u00e7a Urbana e Defesa Civil<\/strong><\/li><li><strong>MEMBRO SUPLENTE do eixo de Educa\u00e7\u00e3o, Cultura e Esportes<\/strong><\/li><\/ul>\n\n\n\n<p>Acesse o link: <a href=\"https:\/\/cajamar.sp.gov.br\/editais\/wp-content\/uploads\/sites\/6\/edital-final-para-publicacao-07_12_2020_pdf.pdf\" target=\"_blank\" rel=\"noreferrer noopener\">https:\/\/cajamar.sp.gov.br\/editais\/wp-content\/uploads\/sites\/6\/edital-final-para-publicacao-07_12_2020_pdf.pdf<\/a><\/p>\n\n\n\n<p>Em caso de d\u00favidas, ligue para 0800-7711223.<\/p>\n","protected":false},"excerpt":{"rendered":"<p>A reabertura se dar\u00e1 para o preenchimento das vagas de membro titular e suplente do eixo de Seguran\u00e7a Urbana e Defesa Civil, e membro suplente do eixo de Educa\u00e7\u00e3o, Cultura e Esportes<\/p>\n","protected":false},"author":10,"featured_media":26178,"comment_status":"closed","ping_status":"closed","sticky":true,"template":"","format":"standard","meta":{"footnotes":""},"categories":[43],"tags":[1430],"posicao":[28],"class_list":["post-26177","post","type-post","status-publish","format-standard","has-post-thumbnail","hentry","category-tecnologia","tag-conselho-de-usuarios","posicao-destaque"],"_links":{"self":[{"href":"https:\/\/cajamar.sp.gov.br\/noticias\/wp-json\/wp\/v2\/posts\/26177","targetHints":{"allow":["GET"]}}],"collection":[{"href":"https:\/\/cajamar.sp.gov.br\/noticias\/wp-json\/wp\/v2\/posts"}],"about":[{"href":"https:\/\/cajamar.sp.gov.br\/noticias\/wp-json\/wp\/v2\/types\/post"}],"author":[{"embeddable":true,"href":"https:\/\/cajamar.sp.gov.br\/noticias\/wp-json\/wp\/v2\/users\/10"}],"replies":[{"embeddable":true,"href":"https:\/\/cajamar.sp.gov.br\/noticias\/wp-json\/wp\/v2\/comments?post=26177"}],"version-history":[{"count":1,"href":"https:\/\/cajamar.sp.gov.br\/noticias\/wp-json\/wp\/v2\/posts\/26177\/revisions"}],"predecessor-version":[{"id":26179,"href":"https:\/\/cajamar.sp.gov.br\/noticias\/wp-json\/wp\/v2\/posts\/26177\/revisions\/26179"}],"wp:featuredmedia":[{"embeddable":true,"href":"https:\/\/cajamar.sp.gov.br\/noticias\/wp-json\/wp\/v2\/media\/26178"}],"wp:attachment":[{"href":"https:\/\/cajamar.sp.gov.br\/noticias\/wp-json\/wp\/v2\/media?parent=26177"}],"wp:term":[{"taxonomy":"category","embeddable":true,"href":"https:\/\/cajamar.sp.gov.br\/noticias\/wp-json\/wp\/v2\/categories?post=26177"},{"taxonomy":"post_tag","embeddable":true,"href":"https:\/\/cajamar.sp.gov.br\/noticias\/wp-json\/wp\/v2\/tags?post=26177"},{"taxonomy":"posicao","embeddable":true,"href":"https:\/\/cajamar.sp.gov.br\/noticias\/wp-json\/wp\/v2\/posicao?post=26177"}],"curies":[{"name":"wp","href":"https:\/\/api.w.org\/{rel}","templated":true}]}}