{"id":26257,"date":"2021-08-03T22:17:49","date_gmt":"2021-08-04T01:17:49","guid":{"rendered":"https:\/\/cajamar.sp.gov.br\/noticias\/?p=26257"},"modified":"2021-08-03T22:17:49","modified_gmt":"2021-08-04T01:17:49","slug":"cajamar-ira-vacinar-pessoas-do-cadastro-reserva-nesta-quarta-feira-04","status":"publish","type":"post","link":"https:\/\/cajamar.sp.gov.br\/noticias\/2021\/08\/03\/cajamar-ira-vacinar-pessoas-do-cadastro-reserva-nesta-quarta-feira-04\/","title":{"rendered":"Cajamar ir\u00e1 vacinar pessoas do cadastro reserva nesta quarta-feira (04)"},"content":{"rendered":"\n<figure class=\"wp-block-image size-large\"><a href=\"https:\/\/cajamar.sp.gov.br\/noticias\/wp-content\/uploads\/sites\/2\/2021\/08\/site-comunicado-vacinas.png\"><img fetchpriority=\"high\" decoding=\"async\" width=\"1000\" height=\"700\" src=\"https:\/\/cajamar.sp.gov.br\/noticias\/wp-content\/uploads\/sites\/2\/2021\/08\/site-comunicado-vacinas.png\" alt=\"\" class=\"wp-image-26258\" srcset=\"https:\/\/cajamar.sp.gov.br\/noticias\/wp-content\/uploads\/sites\/2\/2021\/08\/site-comunicado-vacinas.png 1000w, https:\/\/cajamar.sp.gov.br\/noticias\/wp-content\/uploads\/sites\/2\/2021\/08\/site-comunicado-vacinas-768x538.png 768w\" sizes=\"(max-width: 1000px) 100vw, 1000px\" \/><\/a><\/figure>\n\n\n\n<p>A Prefeitura de Cajamar informa que, com a sobra de 125 doses de imunizantes desta ter\u00e7a-feira (03), ser\u00e1 realizada a vacina\u00e7\u00e3o de pessoas entre <strong>54 a 80 anos<\/strong> que est\u00e3o no cadastro reserva aguardando para tomar a primeira dose.<\/p>\n\n\n\n<p>Nesta quarta-feira (04), a Secretaria de Sa\u00fade entrar\u00e1 em contato com as pessoas cadastradas, at\u00e9 atingir o n\u00famero dispon\u00edvel, para que elas possam ser vacinadas.<\/p>\n\n\n\n<p>Estamos aguardando o envio de nova remessa de doses por parte do Governo Estadual\/Federal para podermos anunciar a vacina\u00e7\u00e3o de pessoas com 26 anos, como tamb\u00e9m para todos que est\u00e3o aguardando o cadastro reserva.<\/p>\n\n\n\n<p>A vacina de 2\u00aa dose segue normalmente no munic\u00edpio.<\/p>\n\n\n\n<p>Acompanhe todas as atualiza\u00e7\u00f5es e informa\u00e7\u00f5es pelas redes sociais e site da Prefeitura de Cajamar.<\/p>\n","protected":false},"excerpt":{"rendered":"<p>Assim que o Governo Estadual enviar novas doses, ser\u00e1 anunciada a vacina\u00e7\u00e3o para pessoas com 26 anos <\/p>\n","protected":false},"author":7,"featured_media":26258,"comment_status":"closed","ping_status":"closed","sticky":true,"template":"","format":"standard","meta":{"footnotes":""},"categories":[34,2,86],"tags":[733,175,109,246],"posicao":[28],"class_list":["post-26257","post","type-post","status-publish","format-standard","has-post-thumbnail","hentry","category-coronavirus","category-saude","category-vacinaja-cajamar","tag-cadastro-reserva","tag-coronavirus-2","tag-covid-19","tag-vacina","posicao-destaque"],"_links":{"self":[{"href":"https:\/\/cajamar.sp.gov.br\/noticias\/wp-json\/wp\/v2\/posts\/26257","targetHints":{"allow":["GET"]}}],"collection":[{"href":"https:\/\/cajamar.sp.gov.br\/noticias\/wp-json\/wp\/v2\/posts"}],"about":[{"href":"https:\/\/cajamar.sp.gov.br\/noticias\/wp-json\/wp\/v2\/types\/post"}],"author":[{"embeddable":true,"href":"https:\/\/cajamar.sp.gov.br\/noticias\/wp-json\/wp\/v2\/users\/7"}],"replies":[{"embeddable":true,"href":"https:\/\/cajamar.sp.gov.br\/noticias\/wp-json\/wp\/v2\/comments?post=26257"}],"version-history":[{"count":1,"href":"https:\/\/cajamar.sp.gov.br\/noticias\/wp-json\/wp\/v2\/posts\/26257\/revisions"}],"predecessor-version":[{"id":26259,"href":"https:\/\/cajamar.sp.gov.br\/noticias\/wp-json\/wp\/v2\/posts\/26257\/revisions\/26259"}],"wp:featuredmedia":[{"embeddable":true,"href":"https:\/\/cajamar.sp.gov.br\/noticias\/wp-json\/wp\/v2\/media\/26258"}],"wp:attachment":[{"href":"https:\/\/cajamar.sp.gov.br\/noticias\/wp-json\/wp\/v2\/media?parent=26257"}],"wp:term":[{"taxonomy":"category","embeddable":true,"href":"https:\/\/cajamar.sp.gov.br\/noticias\/wp-json\/wp\/v2\/categories?post=26257"},{"taxonomy":"post_tag","embeddable":true,"href":"https:\/\/cajamar.sp.gov.br\/noticias\/wp-json\/wp\/v2\/tags?post=26257"},{"taxonomy":"posicao","embeddable":true,"href":"https:\/\/cajamar.sp.gov.br\/noticias\/wp-json\/wp\/v2\/posicao?post=26257"}],"curies":[{"name":"wp","href":"https:\/\/api.w.org\/{rel}","templated":true}]}}