{"id":26328,"date":"2021-08-10T16:54:42","date_gmt":"2021-08-10T19:54:42","guid":{"rendered":"https:\/\/cajamar.sp.gov.br\/noticias\/?p=26328"},"modified":"2021-08-10T16:54:42","modified_gmt":"2021-08-10T19:54:42","slug":"rua-antonio-carlos-paiva-camelo-passara-por-obras-de-manutencao-a-partir-desta-quarta-feira-11","status":"publish","type":"post","link":"https:\/\/cajamar.sp.gov.br\/noticias\/2021\/08\/10\/rua-antonio-carlos-paiva-camelo-passara-por-obras-de-manutencao-a-partir-desta-quarta-feira-11\/","title":{"rendered":"Rua Ant\u00f4nio Carlos Paiva Camelo passar\u00e1 por obras de manuten\u00e7\u00e3o a partir desta quarta-feira (11)"},"content":{"rendered":"\n<figure class=\"wp-block-image size-large\"><img fetchpriority=\"high\" decoding=\"async\" width=\"1000\" height=\"700\" src=\"https:\/\/cajamar.sp.gov.br\/noticias\/wp-content\/uploads\/sites\/2\/2021\/08\/site-manutencao-via-publica.png\" alt=\"\" class=\"wp-image-26329\" srcset=\"https:\/\/cajamar.sp.gov.br\/noticias\/wp-content\/uploads\/sites\/2\/2021\/08\/site-manutencao-via-publica.png 1000w, https:\/\/cajamar.sp.gov.br\/noticias\/wp-content\/uploads\/sites\/2\/2021\/08\/site-manutencao-via-publica-768x538.png 768w\" sizes=\"(max-width: 1000px) 100vw, 1000px\" \/><\/figure>\n\n\n\n<p>A Prefeitura de Cajamar, por meio da Secretaria de Mobilidade e Desenvolvimento Urbano, comunica que na pr\u00f3xima quarta-feira (11) ter\u00e1 in\u00edcio o servi\u00e7o de fresagem para o recapeamento asf\u00e1ltico na Rua Ant\u00f4nio Carlos Paiva Camelo, no trecho entre a Avenida Bento da Silva Bueno e a Rua Chavantes, distrito do Polvilho.<\/p>\n\n\n\n<p>A obra tem como intuito melhorar a trafegabilidade de pessoas e ve\u00edculos no local. A manuten\u00e7\u00e3o ser\u00e1 realizada das 08h \u00e0s 16h, em detrimento da situa\u00e7\u00e3o em que os moradores da localidade se declararam prejudicados em seu sossego quando as obras s\u00e3o executadas no per\u00edodo noturno.<\/p>\n\n\n\n<p>A previs\u00e3o \u00e9 que o servi\u00e7o seja executado at\u00e9 o dia 21 de agosto. Durante este per\u00edodo, pedimos a compreens\u00e3o dos moradores e motoristas que transitam nessa regi\u00e3o e sugerimos a todos busca de novas alternativas devido a interven\u00e7\u00e3o diurna que essa rota sofrer\u00e1 at\u00e9 a finaliza\u00e7\u00e3o do recapeamento asf\u00e1ltico.<\/p>\n","protected":false},"excerpt":{"rendered":"<p>A manuten\u00e7\u00e3o ser\u00e1 realizada das 08h \u00e0s 16h, devido aos moradores da regi\u00e3o se sentirem prejudicados em seu sossego quando as obras s\u00e3o executadas no per\u00edodo noturno.<\/p>\n","protected":false},"author":7,"featured_media":26329,"comment_status":"closed","ping_status":"closed","sticky":true,"template":"","format":"standard","meta":{"footnotes":""},"categories":[775,22,19],"tags":[78,883],"posicao":[28],"class_list":["post-26328","post","type-post","status-publish","format-standard","has-post-thumbnail","hentry","category-asfalta-cajamar","category-desenvolvimento-urbano","category-mobilidade","tag-asfalto","tag-manutencao-em-via-publica","posicao-destaque"],"_links":{"self":[{"href":"https:\/\/cajamar.sp.gov.br\/noticias\/wp-json\/wp\/v2\/posts\/26328","targetHints":{"allow":["GET"]}}],"collection":[{"href":"https:\/\/cajamar.sp.gov.br\/noticias\/wp-json\/wp\/v2\/posts"}],"about":[{"href":"https:\/\/cajamar.sp.gov.br\/noticias\/wp-json\/wp\/v2\/types\/post"}],"author":[{"embeddable":true,"href":"https:\/\/cajamar.sp.gov.br\/noticias\/wp-json\/wp\/v2\/users\/7"}],"replies":[{"embeddable":true,"href":"https:\/\/cajamar.sp.gov.br\/noticias\/wp-json\/wp\/v2\/comments?post=26328"}],"version-history":[{"count":1,"href":"https:\/\/cajamar.sp.gov.br\/noticias\/wp-json\/wp\/v2\/posts\/26328\/revisions"}],"predecessor-version":[{"id":26330,"href":"https:\/\/cajamar.sp.gov.br\/noticias\/wp-json\/wp\/v2\/posts\/26328\/revisions\/26330"}],"wp:featuredmedia":[{"embeddable":true,"href":"https:\/\/cajamar.sp.gov.br\/noticias\/wp-json\/wp\/v2\/media\/26329"}],"wp:attachment":[{"href":"https:\/\/cajamar.sp.gov.br\/noticias\/wp-json\/wp\/v2\/media?parent=26328"}],"wp:term":[{"taxonomy":"category","embeddable":true,"href":"https:\/\/cajamar.sp.gov.br\/noticias\/wp-json\/wp\/v2\/categories?post=26328"},{"taxonomy":"post_tag","embeddable":true,"href":"https:\/\/cajamar.sp.gov.br\/noticias\/wp-json\/wp\/v2\/tags?post=26328"},{"taxonomy":"posicao","embeddable":true,"href":"https:\/\/cajamar.sp.gov.br\/noticias\/wp-json\/wp\/v2\/posicao?post=26328"}],"curies":[{"name":"wp","href":"https:\/\/api.w.org\/{rel}","templated":true}]}}