{"id":26523,"date":"2021-09-03T16:29:00","date_gmt":"2021-09-03T19:29:00","guid":{"rendered":"https:\/\/cajamar.sp.gov.br\/noticias\/?p=26523"},"modified":"2021-09-03T16:29:00","modified_gmt":"2021-09-03T19:29:00","slug":"av-ribeirao-dos-cristais-ficara-parcialmente-interditada-durante-o-mes-de-setembro","status":"publish","type":"post","link":"https:\/\/cajamar.sp.gov.br\/noticias\/2021\/09\/03\/av-ribeirao-dos-cristais-ficara-parcialmente-interditada-durante-o-mes-de-setembro\/","title":{"rendered":"Av. Ribeir\u00e3o dos Cristais ficar\u00e1 parcialmente interditada durante o m\u00eas de setembro"},"content":{"rendered":"\n<figure class=\"wp-block-image size-large\"><img fetchpriority=\"high\" decoding=\"async\" width=\"1000\" height=\"700\" src=\"https:\/\/cajamar.sp.gov.br\/noticias\/wp-content\/uploads\/sites\/2\/2021\/09\/site-interdicao-av-ribeirao-dos-cristais.png\" alt=\"\" class=\"wp-image-26524\" srcset=\"https:\/\/cajamar.sp.gov.br\/noticias\/wp-content\/uploads\/sites\/2\/2021\/09\/site-interdicao-av-ribeirao-dos-cristais.png 1000w, https:\/\/cajamar.sp.gov.br\/noticias\/wp-content\/uploads\/sites\/2\/2021\/09\/site-interdicao-av-ribeirao-dos-cristais-768x538.png 768w\" sizes=\"(max-width: 1000px) 100vw, 1000px\" \/><\/figure>\n\n\n\n<p>A Secretaria Municipal de Mobilidade e Desenvolvimento Urbano, atrav\u00e9s do Departamento de Mobilidade Urbana e Tr\u00e2nsito, informa a todos os mun\u00edcipes, em especial, a todos que trafegam pela Avenida Ribeir\u00e3o dos Cristais, que o per\u00edmetro entre a Gr\u00e1fica Gon\u00e7alves at\u00e9 a Avenida Dr. Ant\u00f4nio Jo\u00e3o Abdalla ficar\u00e1 temporariamente INTERDITADO.<\/p>\n\n\n\n<p>A medida se faz necess\u00e1ria para que seja executada obras de melhoria neste trecho. As interven\u00e7\u00f5es iniciaram no dia 1 de setembro, com t\u00e9rmino previsto para 30 (trinta) dias, podendo ser prorrogado.<\/p>\n\n\n\n<p>Para manter o fluxo de ve\u00edculos na regi\u00e3o, durante este per\u00edodo, a Avenida Jordano Mendes ter\u00e1 DUPLO SENTIDO DE CIRCULA\u00c7\u00c3O. Contamos com a compreens\u00e3o e colabora\u00e7\u00e3o de todos no sentido de se buscar rotas alternativas para melhor mobilidade e trafegabilidade da via.<\/p>\n","protected":false},"excerpt":{"rendered":"<p>A medida se faz necess\u00e1ria para que seja executada obras de melhoria neste trecho<\/p>\n","protected":false},"author":23,"featured_media":26524,"comment_status":"closed","ping_status":"closed","sticky":true,"template":"","format":"standard","meta":{"footnotes":""},"categories":[22,19,83],"tags":[615,961],"posicao":[28],"class_list":["post-26523","post","type-post","status-publish","format-standard","has-post-thumbnail","hentry","category-desenvolvimento-urbano","category-mobilidade","category-transito","tag-obra","tag-rua-interditada","posicao-destaque"],"_links":{"self":[{"href":"https:\/\/cajamar.sp.gov.br\/noticias\/wp-json\/wp\/v2\/posts\/26523","targetHints":{"allow":["GET"]}}],"collection":[{"href":"https:\/\/cajamar.sp.gov.br\/noticias\/wp-json\/wp\/v2\/posts"}],"about":[{"href":"https:\/\/cajamar.sp.gov.br\/noticias\/wp-json\/wp\/v2\/types\/post"}],"author":[{"embeddable":true,"href":"https:\/\/cajamar.sp.gov.br\/noticias\/wp-json\/wp\/v2\/users\/23"}],"replies":[{"embeddable":true,"href":"https:\/\/cajamar.sp.gov.br\/noticias\/wp-json\/wp\/v2\/comments?post=26523"}],"version-history":[{"count":1,"href":"https:\/\/cajamar.sp.gov.br\/noticias\/wp-json\/wp\/v2\/posts\/26523\/revisions"}],"predecessor-version":[{"id":26525,"href":"https:\/\/cajamar.sp.gov.br\/noticias\/wp-json\/wp\/v2\/posts\/26523\/revisions\/26525"}],"wp:featuredmedia":[{"embeddable":true,"href":"https:\/\/cajamar.sp.gov.br\/noticias\/wp-json\/wp\/v2\/media\/26524"}],"wp:attachment":[{"href":"https:\/\/cajamar.sp.gov.br\/noticias\/wp-json\/wp\/v2\/media?parent=26523"}],"wp:term":[{"taxonomy":"category","embeddable":true,"href":"https:\/\/cajamar.sp.gov.br\/noticias\/wp-json\/wp\/v2\/categories?post=26523"},{"taxonomy":"post_tag","embeddable":true,"href":"https:\/\/cajamar.sp.gov.br\/noticias\/wp-json\/wp\/v2\/tags?post=26523"},{"taxonomy":"posicao","embeddable":true,"href":"https:\/\/cajamar.sp.gov.br\/noticias\/wp-json\/wp\/v2\/posicao?post=26523"}],"curies":[{"name":"wp","href":"https:\/\/api.w.org\/{rel}","templated":true}]}}