{"id":26565,"date":"2021-09-14T13:03:49","date_gmt":"2021-09-14T16:03:49","guid":{"rendered":"https:\/\/cajamar.sp.gov.br\/noticias\/?p=26565"},"modified":"2021-09-14T13:03:49","modified_gmt":"2021-09-14T16:03:49","slug":"cajamar-e-a-primeira-cidade-da-regiao-menos-vulneravel-a-covid-19-segundo-pesquisa-votorantim","status":"publish","type":"post","link":"https:\/\/cajamar.sp.gov.br\/noticias\/2021\/09\/14\/cajamar-e-a-primeira-cidade-da-regiao-menos-vulneravel-a-covid-19-segundo-pesquisa-votorantim\/","title":{"rendered":"Cajamar \u00e9 a primeira cidade da regi\u00e3o menos vulner\u00e1vel \u00e0 Covid-19, segundo pesquisa Votorantim"},"content":{"rendered":"\n<figure class=\"wp-block-image size-large\"><a href=\"https:\/\/cajamar.sp.gov.br\/noticias\/wp-content\/uploads\/sites\/2\/2021\/09\/site-vulnerabilidade-de-cajamar-contra-covid-19.png\"><img fetchpriority=\"high\" decoding=\"async\" width=\"1000\" height=\"700\" src=\"https:\/\/cajamar.sp.gov.br\/noticias\/wp-content\/uploads\/sites\/2\/2021\/09\/site-vulnerabilidade-de-cajamar-contra-covid-19.png\" alt=\"\" class=\"wp-image-26566\" srcset=\"https:\/\/cajamar.sp.gov.br\/noticias\/wp-content\/uploads\/sites\/2\/2021\/09\/site-vulnerabilidade-de-cajamar-contra-covid-19.png 1000w, https:\/\/cajamar.sp.gov.br\/noticias\/wp-content\/uploads\/sites\/2\/2021\/09\/site-vulnerabilidade-de-cajamar-contra-covid-19-768x538.png 768w\" sizes=\"(max-width: 1000px) 100vw, 1000px\" \/><\/a><\/figure>\n\n\n\n<p>Frente \u00e0 pandemia de Covid-19 que o pa\u00eds vive, o munic\u00edpio de Cajamar apresenta desempenho seguro com a\u00e7\u00f5es positivas em rela\u00e7\u00e3o ao enfrentamento do v\u00edrus. O fato \u00e9 comprovado pelo \u00cdndice de Vulnerabilidade dos Munic\u00edpios (IVM), criado pelo Instituto Votorantim e divulgado recentemente pela entidade, mapeando o cen\u00e1rio da pandemia no Brasil.<\/p>\n\n\n\n<p>Segundo o estudo, o munic\u00edpio \u00e9 a primeira colocada entre as cidades que comp\u00f5e os cons\u00f3rcios intermunicipais das cidades da zona Oeste e Norte da Regi\u00e3o Metropolitana de S\u00e3o Paulo menos vulner\u00e1veis \u00e0 Covid-19. Outras duas cidades que se destacaram na pesquisa s\u00e3o da regi\u00e3o oeste: Barueri e Santana de Parna\u00edba, tamb\u00e9m est\u00e3o entre as menos vulner\u00e1veis. Segundo o estudo, cada indicador tem peso que varia de 0 a 100: quanto mais alto o valor, maior \u00e9 a vulnerabilidade. O munic\u00edpio de Cajamar obteve o \u00edndice de 41,94 entre os 645 munic\u00edpios do Estado. Barueri \u00e9 a segunda cidade da regi\u00e3o com \u00edndice de 47,06 e Santana de Parna\u00edba v\u00eam na terceira coloca\u00e7\u00e3o com \u00edndice de 47,89.<\/p>\n\n\n\n<p>Para compor o ranking, o instituto levou em considera\u00e7\u00e3o dados sobre o novo coronav\u00edrus nas cidades, como casos confirmados e \u00f3bitos, e analisou a popula\u00e7\u00e3o vulner\u00e1vel, economia local, estrutura e organiza\u00e7\u00e3o do sistema de sa\u00fade e capacidade fiscal da administra\u00e7\u00e3o municipal. O levantamento utilizou ainda dados p\u00fablicos de diferentes bases, como a do Instituto Brasileiro de Geografia e Estat\u00edstica (IBGE), do Sistema \u00danico de Sa\u00fade (SUS) e Ag\u00eancia Nacional de Sa\u00fade Suplementar (ANSS).<\/p>\n\n\n\n<p>Para o Prefeito Danilo Joan, a pesquisa demonstra que o munic\u00edpio tem atuado no caminho certo para o combate ao Coronav\u00edrus, refor\u00e7ando o car\u00e1ter positivo das medidas adotadas e dos investimentos realizados.<\/p>\n\n\n\n<p>\u201cDesde que tivemos os primeiros casos no pa\u00eds, nossa cidade se manteve atenta, acompanhando a situa\u00e7\u00e3o e planejando as a\u00e7\u00f5es. Exemplo disso \u00e9 que, ao observar o crescimento, nos antecipamos, tomando medidas importantes como a constru\u00e7\u00e3o do Hospital de Campanha (Centro M\u00e9dico de Combate ao Coronav\u00edrus), o primeiro a ser entregue na Regi\u00e3o Metropolitana. Tamb\u00e9m tivemos a amplia\u00e7\u00e3o dos leitos hospitalares, com maior capacidade na enfermaria e na UTI para tratamento da Covid que, felizmente, apresentam baixa ocupa\u00e7\u00e3o. Tamb\u00e9m investimos na contrata\u00e7\u00e3o de profissionais da sa\u00fade, al\u00e9m de investirmos na compra de insumos e equipamentos de prote\u00e7\u00e3o (EPIs)\u201d, destaca.<\/p>\n\n\n\n<p>\u201cTemos feito tudo o que \u00e9 poss\u00edvel para organizar nosso servi\u00e7o de sa\u00fade e ampliar as medidas de prote\u00e7\u00e3o da popula\u00e7\u00e3o. Como sempre falo, nossa miss\u00e3o \u00e9 cuidar das pessoas e sabemos que \u00e9 um momento dif\u00edcil enfrentado por todo o pa\u00eds, mas este \u00edndice positivo nos traz um f\u00f4lego e esperan\u00e7a de que estamos atuando no rumo certo, com preparo para minimizar, ao m\u00e1ximo, o avan\u00e7o da contamina\u00e7\u00e3o em nossa cidade\u201d, completa o prefeito.<\/p>\n","protected":false},"excerpt":{"rendered":"<p>Cidade conquista a primeira coloca\u00e7\u00e3o entre as cidades da regi\u00e3o no \u00cdndice de Vulnerabilidade Municipal segundo o Instituto Votorantim<\/p>\n","protected":false},"author":23,"featured_media":26566,"comment_status":"closed","ping_status":"closed","sticky":true,"template":"","format":"standard","meta":{"footnotes":""},"categories":[34,1,2],"tags":[70,109,977,978,976],"posicao":[28],"class_list":["post-26565","post","type-post","status-publish","format-standard","has-post-thumbnail","hentry","category-coronavirus","category-noticias","category-saude","tag-coronavirus","tag-covid-19","tag-enfrentamento","tag-instituto-votorantim","tag-ranking","posicao-destaque"],"_links":{"self":[{"href":"https:\/\/cajamar.sp.gov.br\/noticias\/wp-json\/wp\/v2\/posts\/26565","targetHints":{"allow":["GET"]}}],"collection":[{"href":"https:\/\/cajamar.sp.gov.br\/noticias\/wp-json\/wp\/v2\/posts"}],"about":[{"href":"https:\/\/cajamar.sp.gov.br\/noticias\/wp-json\/wp\/v2\/types\/post"}],"author":[{"embeddable":true,"href":"https:\/\/cajamar.sp.gov.br\/noticias\/wp-json\/wp\/v2\/users\/23"}],"replies":[{"embeddable":true,"href":"https:\/\/cajamar.sp.gov.br\/noticias\/wp-json\/wp\/v2\/comments?post=26565"}],"version-history":[{"count":1,"href":"https:\/\/cajamar.sp.gov.br\/noticias\/wp-json\/wp\/v2\/posts\/26565\/revisions"}],"predecessor-version":[{"id":26567,"href":"https:\/\/cajamar.sp.gov.br\/noticias\/wp-json\/wp\/v2\/posts\/26565\/revisions\/26567"}],"wp:featuredmedia":[{"embeddable":true,"href":"https:\/\/cajamar.sp.gov.br\/noticias\/wp-json\/wp\/v2\/media\/26566"}],"wp:attachment":[{"href":"https:\/\/cajamar.sp.gov.br\/noticias\/wp-json\/wp\/v2\/media?parent=26565"}],"wp:term":[{"taxonomy":"category","embeddable":true,"href":"https:\/\/cajamar.sp.gov.br\/noticias\/wp-json\/wp\/v2\/categories?post=26565"},{"taxonomy":"post_tag","embeddable":true,"href":"https:\/\/cajamar.sp.gov.br\/noticias\/wp-json\/wp\/v2\/tags?post=26565"},{"taxonomy":"posicao","embeddable":true,"href":"https:\/\/cajamar.sp.gov.br\/noticias\/wp-json\/wp\/v2\/posicao?post=26565"}],"curies":[{"name":"wp","href":"https:\/\/api.w.org\/{rel}","templated":true}]}}