{"id":26581,"date":"2021-09-21T09:02:09","date_gmt":"2021-09-21T12:02:09","guid":{"rendered":"https:\/\/cajamar.sp.gov.br\/noticias\/?p=26581"},"modified":"2021-09-21T09:02:09","modified_gmt":"2021-09-21T12:02:09","slug":"cajamar-inicia-vacinacao-da-3a-dose-contra-a-covid-19-nos-polos-de-vacinacao","status":"publish","type":"post","link":"https:\/\/cajamar.sp.gov.br\/noticias\/2021\/09\/21\/cajamar-inicia-vacinacao-da-3a-dose-contra-a-covid-19-nos-polos-de-vacinacao\/","title":{"rendered":"Cajamar inicia vacina\u00e7\u00e3o da 3\u00aa dose contra a COVID-19 nos Polos de Vacina\u00e7\u00e3o"},"content":{"rendered":"\n<figure class=\"wp-block-image size-full\"><a href=\"https:\/\/cajamar.sp.gov.br\/noticias\/wp-content\/uploads\/sites\/2\/2021\/09\/site-cronograma-sab-seg-e-ter.png\"><img fetchpriority=\"high\" decoding=\"async\" width=\"1000\" height=\"700\" src=\"https:\/\/cajamar.sp.gov.br\/noticias\/wp-content\/uploads\/sites\/2\/2021\/09\/site-cronograma-sab-seg-e-ter.png\" alt=\"\" class=\"wp-image-26582\" srcset=\"https:\/\/cajamar.sp.gov.br\/noticias\/wp-content\/uploads\/sites\/2\/2021\/09\/site-cronograma-sab-seg-e-ter.png 1000w, https:\/\/cajamar.sp.gov.br\/noticias\/wp-content\/uploads\/sites\/2\/2021\/09\/site-cronograma-sab-seg-e-ter-768x538.png 768w\" sizes=\"(max-width: 1000px) 100vw, 1000px\" \/><\/a><\/figure>\n\n\n\n<p>Nesta ter\u00e7a-feira (21), a Secretaria de Sa\u00fade de Cajamar iniciar\u00e1 a aplica\u00e7\u00e3o da dose adicional ou terceira dose contra a COVID-19. No in\u00edcio do m\u00eas a equipe do &#8220;Sa\u00fade em Casa&#8221; j\u00e1 come\u00e7ou a aplicar a dose de refor\u00e7o nos idosos cadastrados no progama, e agora ter\u00e1 tamb\u00e9m nos Polos de Vacina\u00e7\u00e3o.<\/p>\n\n\n\n<p>Esta primeira etapa ser\u00e1 destinada para idosos na <strong>faixa et\u00e1ria entre 80 a 84 anos<\/strong> que tomaram a segunda dose at\u00e9 31 de mar\u00e7o de 2021 e para imunossuprimidos (pacientes oncol\u00f3gicos, que possuem insufici\u00eancia renal, transplantados, HIV), que tomaram a segunda dose at\u00e9 24 de agosto de 2021.<\/p>\n\n\n\n<p>Para os <strong>pacientes HIV+<\/strong> \u00e9 preciso entrar em contato com o Centro de testagem e acolhimento (11) 4498-0001, pois \u00e9 necess\u00e1rio uma avalia\u00e7\u00e3o m\u00e9dica antes da administra\u00e7\u00e3o da vacina.<\/p>\n\n\n\n<p>Em Jordan\u00e9sia, o atendimento \u00e9 pelo sistema drive-thru (vacina\u00e7\u00e3o sem precisar sair do ve\u00edculo), e o Polo de Vacina\u00e7\u00e3o est\u00e1 localizado no Boi\u00f3dromo (entrada pelo port\u00e3o principal). No Polvilho, tamb\u00e9m no sistema Drive-Thru, o Polo de Vacina\u00e7\u00e3o da terceira dose est\u00e1 localizado no Est\u00e1dio Ant\u00f4nio Facchina, conhecido como Campo 12 (em frente a rotat\u00f3ria do supermercado Sondas). Atendimento das 9h \u00e0s 17h.<\/p>\n\n\n\n<p><strong>IMPORTANTE:<\/strong> Esta primeira etapa da 3\u00aa dose ser\u00e1 do dia 21 ao dia 24 de setembro. Pacientes acamados, entrem em contato no teleatendimento atrav\u00e9s do n\u00famero (11) 4446-0101 para fazer o agendamento.<\/p>\n\n\n\n<h2 class=\"wp-block-heading\">POLOS DE VACINA\u00c7\u00c3O 3\u00aa DOSE:<\/h2>\n\n\n\n<p><strong>Atendimento das 9h \u00e0s 17h:<\/strong><\/p>\n\n\n\n<p><strong>Drive-thru Jordan\u00e9sia:<\/strong> Centro de Eventos \u201cBoi\u00f3dromo\u201d<br>Av. Vereador Joaquim Pereira Barbosa n\u00ba 827 (entrada pelo port\u00e3o principal do Boi\u00f3dromo)<\/p>\n\n\n\n<p>D<strong>rive-thru Polvilho: <\/strong>Campo do 12<br>Av. Tenente Marques alt n\u00ba 3551 &#8211; Est\u00e1dio Ant\u00f4nio Facchina (em frente a rotat\u00f3ria do supermercado Sonda).<\/p>\n","protected":false},"excerpt":{"rendered":"<p>Esta primeira etapa ser\u00e1 destinada para idosos na faixa et\u00e1ria entre 80 a 84 anos e para imunossuprimidos<\/p>\n","protected":false},"author":23,"featured_media":26582,"comment_status":"closed","ping_status":"closed","sticky":true,"template":"","format":"standard","meta":{"footnotes":""},"categories":[34,2,86],"tags":[971,985,986,987,175,109,988,169,246],"posicao":[28],"class_list":["post-26581","post","type-post","status-publish","format-standard","has-post-thumbnail","hentry","category-coronavirus","category-saude","category-vacinaja-cajamar","tag-3a-dose","tag-80-a-84-anos","tag-80-anos","tag-84-anos","tag-coronavirus-2","tag-covid-19","tag-idosa","tag-idoso","tag-vacina","posicao-destaque"],"_links":{"self":[{"href":"https:\/\/cajamar.sp.gov.br\/noticias\/wp-json\/wp\/v2\/posts\/26581","targetHints":{"allow":["GET"]}}],"collection":[{"href":"https:\/\/cajamar.sp.gov.br\/noticias\/wp-json\/wp\/v2\/posts"}],"about":[{"href":"https:\/\/cajamar.sp.gov.br\/noticias\/wp-json\/wp\/v2\/types\/post"}],"author":[{"embeddable":true,"href":"https:\/\/cajamar.sp.gov.br\/noticias\/wp-json\/wp\/v2\/users\/23"}],"replies":[{"embeddable":true,"href":"https:\/\/cajamar.sp.gov.br\/noticias\/wp-json\/wp\/v2\/comments?post=26581"}],"version-history":[{"count":1,"href":"https:\/\/cajamar.sp.gov.br\/noticias\/wp-json\/wp\/v2\/posts\/26581\/revisions"}],"predecessor-version":[{"id":26583,"href":"https:\/\/cajamar.sp.gov.br\/noticias\/wp-json\/wp\/v2\/posts\/26581\/revisions\/26583"}],"wp:featuredmedia":[{"embeddable":true,"href":"https:\/\/cajamar.sp.gov.br\/noticias\/wp-json\/wp\/v2\/media\/26582"}],"wp:attachment":[{"href":"https:\/\/cajamar.sp.gov.br\/noticias\/wp-json\/wp\/v2\/media?parent=26581"}],"wp:term":[{"taxonomy":"category","embeddable":true,"href":"https:\/\/cajamar.sp.gov.br\/noticias\/wp-json\/wp\/v2\/categories?post=26581"},{"taxonomy":"post_tag","embeddable":true,"href":"https:\/\/cajamar.sp.gov.br\/noticias\/wp-json\/wp\/v2\/tags?post=26581"},{"taxonomy":"posicao","embeddable":true,"href":"https:\/\/cajamar.sp.gov.br\/noticias\/wp-json\/wp\/v2\/posicao?post=26581"}],"curies":[{"name":"wp","href":"https:\/\/api.w.org\/{rel}","templated":true}]}}