{"id":26894,"date":"2021-11-03T10:34:24","date_gmt":"2021-11-03T13:34:24","guid":{"rendered":"https:\/\/cajamar.sp.gov.br\/noticias\/?p=26894"},"modified":"2021-11-03T10:34:24","modified_gmt":"2021-11-03T13:34:24","slug":"cajamar-anuncia-retorno-das-aulas-presenciais-obrigatorias","status":"publish","type":"post","link":"https:\/\/cajamar.sp.gov.br\/noticias\/2021\/11\/03\/cajamar-anuncia-retorno-das-aulas-presenciais-obrigatorias\/","title":{"rendered":"Cajamar anuncia retorno das aulas presenciais obrigat\u00f3rias"},"content":{"rendered":"\n<figure class=\"wp-block-image size-full\"><a href=\"https:\/\/cajamar.sp.gov.br\/noticias\/wp-content\/uploads\/sites\/2\/2021\/11\/site-volta-as-aulas-presenciais-obrigatorias.png\"><img fetchpriority=\"high\" decoding=\"async\" width=\"1000\" height=\"700\" src=\"https:\/\/cajamar.sp.gov.br\/noticias\/wp-content\/uploads\/sites\/2\/2021\/11\/site-volta-as-aulas-presenciais-obrigatorias.png\" alt=\"\" class=\"wp-image-26895\" srcset=\"https:\/\/cajamar.sp.gov.br\/noticias\/wp-content\/uploads\/sites\/2\/2021\/11\/site-volta-as-aulas-presenciais-obrigatorias.png 1000w, https:\/\/cajamar.sp.gov.br\/noticias\/wp-content\/uploads\/sites\/2\/2021\/11\/site-volta-as-aulas-presenciais-obrigatorias-768x538.png 768w\" sizes=\"(max-width: 1000px) 100vw, 1000px\" \/><\/a><\/figure>\n\n\n\n<p>A Prefeitura de Cajamar, por meio da Secretaria de Educa\u00e7\u00e3o, informa que a partir do dia 03 de novembro as aulas presenciais ser\u00e3o retomadas de forma obrigat\u00f3ria para todos os alunos da Rede Municipal de Ensino de Cajamar.<\/p>\n\n\n\n<p>As Unidades Escolares de Educa\u00e7\u00e3o Infantil (Creche e Pr\u00e9-Escola) retornar\u00e3o com 100% dos alunos de cada turma a partir de 03 de novembro, conforme orienta\u00e7\u00e3o do Governo do Estado de S\u00e3o Paulo. \u201cEstamos nos preparando para o retorno integral das crian\u00e7as e iremos seguir todas as medidas de prote\u00e7\u00e3o necess\u00e1ria para garantir a seguran\u00e7a e sa\u00fade de todos. Este planejamento est\u00e1 sendo realizado com base nos dados apresentados pela sa\u00fade e vigil\u00e2ncia sanit\u00e1ria ao Comit\u00ea de Enfrentamento do Coronav\u00edrus no munic\u00edpio\u201d, comentou o Secret\u00e1rio de Educa\u00e7\u00e3o, Prof. Dr. R\u00e9gis Souza.<\/p>\n\n\n\n<p>J\u00e1 para os alunos das Unidades Escolares de Ensino Fundamental (1\u00ba ao 9\u00ba ano e EJA), o retorno ser\u00e1 feito de maneira gradual. Nesta primeira etapa, as aulas presenciais permanecer\u00e3o em escala de revezamento de 50%, como j\u00e1 estava acontecendo, com a diferen\u00e7a de que, at\u00e9 ent\u00e3o, este retorno era opcional e agora ser\u00e1 obrigat\u00f3rio para todos os alunos.<\/p>\n\n\n\n<p>O esquema de revezamento para o Ensino Fundamental ser\u00e1 v\u00e1lido at\u00e9 que os alunos de 12 a 17 anos completem o esquema vacinal com a segunda dose (sendo necess\u00e1rio aguardar quatorze dias corridos da completa imuniza\u00e7\u00e3o). Ap\u00f3s este per\u00edodo, o revezamento deixa de ser necess\u00e1rio e a presen\u00e7a de 100% dos alunos passa a ser obrigat\u00f3ria de forma simult\u00e2nea, com as medidas de prote\u00e7\u00e3o.<\/p>\n","protected":false},"excerpt":{"rendered":"<p>Para a Educa\u00e7\u00e3o Infantil, o retorno ser\u00e1 com 100% dos alunos todos os dias. Para o Ensino Fundamental, as aulas presenciais permanecer\u00e3o em escala de revezamento de 50%<\/p>\n","protected":false},"author":23,"featured_media":26895,"comment_status":"closed","ping_status":"closed","sticky":true,"template":"","format":"standard","meta":{"footnotes":""},"categories":[66,8],"tags":[192,189,175,109,1103],"posicao":[28],"class_list":["post-26894","post","type-post","status-publish","format-standard","has-post-thumbnail","hentry","category-colegio-do-futuro","category-educacao","tag-alunos","tag-colegio-do-futuro","tag-coronavirus-2","tag-covid-19","tag-volta-as-aulas","posicao-destaque"],"_links":{"self":[{"href":"https:\/\/cajamar.sp.gov.br\/noticias\/wp-json\/wp\/v2\/posts\/26894","targetHints":{"allow":["GET"]}}],"collection":[{"href":"https:\/\/cajamar.sp.gov.br\/noticias\/wp-json\/wp\/v2\/posts"}],"about":[{"href":"https:\/\/cajamar.sp.gov.br\/noticias\/wp-json\/wp\/v2\/types\/post"}],"author":[{"embeddable":true,"href":"https:\/\/cajamar.sp.gov.br\/noticias\/wp-json\/wp\/v2\/users\/23"}],"replies":[{"embeddable":true,"href":"https:\/\/cajamar.sp.gov.br\/noticias\/wp-json\/wp\/v2\/comments?post=26894"}],"version-history":[{"count":1,"href":"https:\/\/cajamar.sp.gov.br\/noticias\/wp-json\/wp\/v2\/posts\/26894\/revisions"}],"predecessor-version":[{"id":26896,"href":"https:\/\/cajamar.sp.gov.br\/noticias\/wp-json\/wp\/v2\/posts\/26894\/revisions\/26896"}],"wp:featuredmedia":[{"embeddable":true,"href":"https:\/\/cajamar.sp.gov.br\/noticias\/wp-json\/wp\/v2\/media\/26895"}],"wp:attachment":[{"href":"https:\/\/cajamar.sp.gov.br\/noticias\/wp-json\/wp\/v2\/media?parent=26894"}],"wp:term":[{"taxonomy":"category","embeddable":true,"href":"https:\/\/cajamar.sp.gov.br\/noticias\/wp-json\/wp\/v2\/categories?post=26894"},{"taxonomy":"post_tag","embeddable":true,"href":"https:\/\/cajamar.sp.gov.br\/noticias\/wp-json\/wp\/v2\/tags?post=26894"},{"taxonomy":"posicao","embeddable":true,"href":"https:\/\/cajamar.sp.gov.br\/noticias\/wp-json\/wp\/v2\/posicao?post=26894"}],"curies":[{"name":"wp","href":"https:\/\/api.w.org\/{rel}","templated":true}]}}