{"id":26975,"date":"2021-11-11T15:32:41","date_gmt":"2021-11-11T18:32:41","guid":{"rendered":"https:\/\/cajamar.sp.gov.br\/noticias\/?p=26975"},"modified":"2021-11-11T15:32:41","modified_gmt":"2021-11-11T18:32:41","slug":"inscricoes-para-a-corrida-novembro-azul-podem-ser-feitas-ate-sexta-feira-12","status":"publish","type":"post","link":"https:\/\/cajamar.sp.gov.br\/noticias\/2021\/11\/11\/inscricoes-para-a-corrida-novembro-azul-podem-ser-feitas-ate-sexta-feira-12\/","title":{"rendered":"Inscri\u00e7\u00f5es para a Corrida Novembro Azul podem ser feitas at\u00e9 sexta-feira (12)"},"content":{"rendered":"\n<figure class=\"wp-block-image size-full\"><a href=\"https:\/\/cajamar.sp.gov.br\/noticias\/wp-content\/uploads\/sites\/2\/2021\/11\/site-novembro-azul-1.png\"><img fetchpriority=\"high\" decoding=\"async\" width=\"1000\" height=\"700\" src=\"https:\/\/cajamar.sp.gov.br\/noticias\/wp-content\/uploads\/sites\/2\/2021\/11\/site-novembro-azul-1.png\" alt=\"\" class=\"wp-image-26976\" srcset=\"https:\/\/cajamar.sp.gov.br\/noticias\/wp-content\/uploads\/sites\/2\/2021\/11\/site-novembro-azul-1.png 1000w, https:\/\/cajamar.sp.gov.br\/noticias\/wp-content\/uploads\/sites\/2\/2021\/11\/site-novembro-azul-1-768x538.png 768w\" sizes=\"(max-width: 1000px) 100vw, 1000px\" \/><\/a><\/figure>\n\n\n\n<p>O Fundo Social de Solidariedade, em parceria com a Secretaria de Cultura, Esportes, Lazer e Eventos ir\u00e1 promover mais uma edi\u00e7\u00e3o da Corrida do Novembro Azul de Cajamar. O evento ser\u00e1 realizado no s\u00e1bado, dia 27 de novembro e encerrar\u00e1 o m\u00eas de atividades da campanha, que tem como objetivo a sensibiliza\u00e7\u00e3o dos homens para a import\u00e2ncia do diagn\u00f3stico precoce do c\u00e2ncer da pr\u00f3stata.<\/p>\n\n\n\n<p>As inscri\u00e7\u00f5es j\u00e1 est\u00e3o abertas at\u00e9 a pr\u00f3xima sexta-feira (12). Se voc\u00ea \u00e9 morador de Cajamar e regi\u00e3o e ainda n\u00e3o se inscreveu, n\u00e3o perca essa oportunidade! Compare\u00e7a na sede do Fundo Social, em Jordan\u00e9sia, e garanta a sua participa\u00e7\u00e3o.<\/p>\n\n\n\n<p>No ato da inscri\u00e7\u00e3o, \u00e9 necess\u00e1rio apresentar o documento de identidade e ser\u00e1 solicitada a doa\u00e7\u00e3o de um panetone, que ser\u00e1 revertido para a prepara\u00e7\u00e3o do Natal das fam\u00edlias vulner\u00e1veis da cidade.<\/p>\n\n\n\n<p>Os kits dos participantes ser\u00e3o entregues no dia 26 de novembro, das 07 \u00e0s 20 horas, na sede do Fundo Social, localizado na Avenida Arnaldo Rojek, 403 \u2013 Jordan\u00e9sia. A largada da corrida est\u00e1 prevista para as 09h, no Est\u00e1dio Municipal Ant\u00f4nio Fachina, no Polvilho.<\/p>\n\n\n\n<p>Mais informa\u00e7\u00f5es pelo telefone (11) 4447-5827.<\/p>\n","protected":false},"excerpt":{"rendered":"<p>Se voc\u00ea \u00e9 morador de Cajamar e regi\u00e3o, inscreva-se na sede do Fundo Social e participe da corrida que ser\u00e1 realizada no dia 27 de novembro<\/p>\n","protected":false},"author":23,"featured_media":26976,"comment_status":"closed","ping_status":"closed","sticky":true,"template":"","format":"standard","meta":{"footnotes":""},"categories":[16],"tags":[1115,1117],"posicao":[28],"class_list":["post-26975","post","type-post","status-publish","format-standard","has-post-thumbnail","hentry","category-fundo-social-cajamar","tag-corrida","tag-novembro-azul","posicao-destaque"],"_links":{"self":[{"href":"https:\/\/cajamar.sp.gov.br\/noticias\/wp-json\/wp\/v2\/posts\/26975","targetHints":{"allow":["GET"]}}],"collection":[{"href":"https:\/\/cajamar.sp.gov.br\/noticias\/wp-json\/wp\/v2\/posts"}],"about":[{"href":"https:\/\/cajamar.sp.gov.br\/noticias\/wp-json\/wp\/v2\/types\/post"}],"author":[{"embeddable":true,"href":"https:\/\/cajamar.sp.gov.br\/noticias\/wp-json\/wp\/v2\/users\/23"}],"replies":[{"embeddable":true,"href":"https:\/\/cajamar.sp.gov.br\/noticias\/wp-json\/wp\/v2\/comments?post=26975"}],"version-history":[{"count":1,"href":"https:\/\/cajamar.sp.gov.br\/noticias\/wp-json\/wp\/v2\/posts\/26975\/revisions"}],"predecessor-version":[{"id":26977,"href":"https:\/\/cajamar.sp.gov.br\/noticias\/wp-json\/wp\/v2\/posts\/26975\/revisions\/26977"}],"wp:featuredmedia":[{"embeddable":true,"href":"https:\/\/cajamar.sp.gov.br\/noticias\/wp-json\/wp\/v2\/media\/26976"}],"wp:attachment":[{"href":"https:\/\/cajamar.sp.gov.br\/noticias\/wp-json\/wp\/v2\/media?parent=26975"}],"wp:term":[{"taxonomy":"category","embeddable":true,"href":"https:\/\/cajamar.sp.gov.br\/noticias\/wp-json\/wp\/v2\/categories?post=26975"},{"taxonomy":"post_tag","embeddable":true,"href":"https:\/\/cajamar.sp.gov.br\/noticias\/wp-json\/wp\/v2\/tags?post=26975"},{"taxonomy":"posicao","embeddable":true,"href":"https:\/\/cajamar.sp.gov.br\/noticias\/wp-json\/wp\/v2\/posicao?post=26975"}],"curies":[{"name":"wp","href":"https:\/\/api.w.org\/{rel}","templated":true}]}}