{"id":27012,"date":"2021-11-22T14:46:01","date_gmt":"2021-11-22T17:46:01","guid":{"rendered":"https:\/\/cajamar.sp.gov.br\/noticias\/?p=27012"},"modified":"2021-11-22T14:46:01","modified_gmt":"2021-11-22T17:46:01","slug":"live-sobre-sindrome-do-panico","status":"publish","type":"post","link":"https:\/\/cajamar.sp.gov.br\/noticias\/2021\/11\/22\/live-sobre-sindrome-do-panico\/","title":{"rendered":"Live sobre s\u00edndrome do p\u00e2nico"},"content":{"rendered":"\n<figure class=\"wp-block-image size-full\"><a href=\"https:\/\/cajamar.sp.gov.br\/noticias\/wp-content\/uploads\/sites\/2\/2021\/11\/site-14.png\"><img fetchpriority=\"high\" decoding=\"async\" width=\"1000\" height=\"700\" src=\"https:\/\/cajamar.sp.gov.br\/noticias\/wp-content\/uploads\/sites\/2\/2021\/11\/site-14.png\" alt=\"\" class=\"wp-image-27013\" srcset=\"https:\/\/cajamar.sp.gov.br\/noticias\/wp-content\/uploads\/sites\/2\/2021\/11\/site-14.png 1000w, https:\/\/cajamar.sp.gov.br\/noticias\/wp-content\/uploads\/sites\/2\/2021\/11\/site-14-768x538.png 768w\" sizes=\"(max-width: 1000px) 100vw, 1000px\" \/><\/a><\/figure>\n\n\n\n<p>A Secretaria de Sa\u00fade de Cajamar est\u00e1 realizando um cronograma de lives com diversos temas, onde a cada semana \u00e9 abordado um assunto diferente, com o intuito de promover um equil\u00edbrio na sa\u00fade mental p\u00f3s-pandemia da popula\u00e7\u00e3o.<\/p>\n\n\n\n<p>A pr\u00f3xima live acontecer\u00e1 na segunda-feira (22), com especialistas da \u00e1rea da Sa\u00fade que ir\u00e3o abordar o tema s\u00edndrome do p\u00e2nico, sentimento que se intensificou de forma significativa durante e ap\u00f3s a pandemia.<\/p>\n\n\n\n<p>A palestra acontecer\u00e1 no dia 22 de novembro, a partir das 18h30, com transmiss\u00e3o ao vivo nas redes sociais e no canal do YouTube da Prefeitura de Cajamar<\/p>\n\n\n\n<p>Data: 22 de novembro<br>Ho\u00e1rio: 18h30<\/p>\n\n\n\n<p>ONDE ASSISTIR?<\/p>\n\n\n\n<ul class=\"wp-block-list\"><li>Redes sociais e canal do youtube da Prefs<\/li><li>youtube.com\/prefeituradecajamaroficial<\/li><li>facebook.com\/prefeituradecajamar<\/li><li>instagram.com\/prefeituradecajamar<\/li><\/ul>\n","protected":false},"excerpt":{"rendered":"<p>A transmiss\u00e3o ser\u00e1 realizada na pr\u00f3xima segunda-feira (22), a partir das 18h30, nas redes sociais e canal do YouTube da Prefeitura de Cajamar<\/p>\n","protected":false},"author":23,"featured_media":27013,"comment_status":"closed","ping_status":"closed","sticky":true,"template":"","format":"standard","meta":{"footnotes":""},"categories":[2],"tags":[181,934,105],"posicao":[28],"class_list":["post-27012","post","type-post","status-publish","format-standard","has-post-thumbnail","hentry","category-saude","tag-live","tag-pandemia","tag-saude","posicao-destaque"],"_links":{"self":[{"href":"https:\/\/cajamar.sp.gov.br\/noticias\/wp-json\/wp\/v2\/posts\/27012","targetHints":{"allow":["GET"]}}],"collection":[{"href":"https:\/\/cajamar.sp.gov.br\/noticias\/wp-json\/wp\/v2\/posts"}],"about":[{"href":"https:\/\/cajamar.sp.gov.br\/noticias\/wp-json\/wp\/v2\/types\/post"}],"author":[{"embeddable":true,"href":"https:\/\/cajamar.sp.gov.br\/noticias\/wp-json\/wp\/v2\/users\/23"}],"replies":[{"embeddable":true,"href":"https:\/\/cajamar.sp.gov.br\/noticias\/wp-json\/wp\/v2\/comments?post=27012"}],"version-history":[{"count":1,"href":"https:\/\/cajamar.sp.gov.br\/noticias\/wp-json\/wp\/v2\/posts\/27012\/revisions"}],"predecessor-version":[{"id":27014,"href":"https:\/\/cajamar.sp.gov.br\/noticias\/wp-json\/wp\/v2\/posts\/27012\/revisions\/27014"}],"wp:featuredmedia":[{"embeddable":true,"href":"https:\/\/cajamar.sp.gov.br\/noticias\/wp-json\/wp\/v2\/media\/27013"}],"wp:attachment":[{"href":"https:\/\/cajamar.sp.gov.br\/noticias\/wp-json\/wp\/v2\/media?parent=27012"}],"wp:term":[{"taxonomy":"category","embeddable":true,"href":"https:\/\/cajamar.sp.gov.br\/noticias\/wp-json\/wp\/v2\/categories?post=27012"},{"taxonomy":"post_tag","embeddable":true,"href":"https:\/\/cajamar.sp.gov.br\/noticias\/wp-json\/wp\/v2\/tags?post=27012"},{"taxonomy":"posicao","embeddable":true,"href":"https:\/\/cajamar.sp.gov.br\/noticias\/wp-json\/wp\/v2\/posicao?post=27012"}],"curies":[{"name":"wp","href":"https:\/\/api.w.org\/{rel}","templated":true}]}}