{"id":27084,"date":"2021-12-02T15:14:24","date_gmt":"2021-12-02T18:14:24","guid":{"rendered":"https:\/\/cajamar.sp.gov.br\/noticias\/?p=27084"},"modified":"2021-12-02T15:14:24","modified_gmt":"2021-12-02T18:14:24","slug":"cajamar-inicia-a-aplicacao-da-segunda-dose-da-janssen","status":"publish","type":"post","link":"https:\/\/cajamar.sp.gov.br\/noticias\/2021\/12\/02\/cajamar-inicia-a-aplicacao-da-segunda-dose-da-janssen\/","title":{"rendered":"Cajamar inicia a aplica\u00e7\u00e3o da segunda dose da Janssen"},"content":{"rendered":"\n<figure class=\"wp-block-image size-full\"><a href=\"https:\/\/cajamar.sp.gov.br\/noticias\/wp-content\/uploads\/sites\/2\/2021\/12\/site-dose-de-reforco-janssen.png\"><img fetchpriority=\"high\" decoding=\"async\" width=\"1000\" height=\"700\" src=\"https:\/\/cajamar.sp.gov.br\/noticias\/wp-content\/uploads\/sites\/2\/2021\/12\/site-dose-de-reforco-janssen.png\" alt=\"\" class=\"wp-image-27085\" srcset=\"https:\/\/cajamar.sp.gov.br\/noticias\/wp-content\/uploads\/sites\/2\/2021\/12\/site-dose-de-reforco-janssen.png 1000w, https:\/\/cajamar.sp.gov.br\/noticias\/wp-content\/uploads\/sites\/2\/2021\/12\/site-dose-de-reforco-janssen-768x538.png 768w\" sizes=\"(max-width: 1000px) 100vw, 1000px\" \/><\/a><\/figure>\n\n\n\n<p>A partir desta quinta-feira (02), a Secretaria de Sa\u00fade de Cajamar ir\u00e1 iniciar a aplica\u00e7\u00e3o da dose de refor\u00e7o para quem se vacinou com o imunizante JANSSEN. A Segunda dose ser\u00e1 destinada para pessoas com 18 anos ou mais que tenham tomado a dose \u00fanica h\u00e1 pelo menos dois meses (61 dias) e imunossuprimidos (18+) vacinados em at\u00e9 28 dias.<\/p>\n\n\n\n<p>Se voc\u00ea recebeu a vacina com a dose \u00fanica da JANSSEN, compare\u00e7a ao Polo de Vacina\u00e7\u00e3o mais pr\u00f3ximo de sua resid\u00eancia com a Carteirinha de Vacina\u00e7\u00e3o e garanta a dose suplementar para refor\u00e7ar a imuniza\u00e7\u00e3o contra o coronav\u00edrus.<\/p>\n\n\n\n<p>A dose de refor\u00e7o tamb\u00e9m segue sendo aplicada em pessoas acima de 18 anos que tomaram a segunda dose das vacinas CORONAVAC, ASTRAZENECA e PFIZER h\u00e1 pelo menos quatro meses. Confira a data que consta na Carteirinha de Vacina\u00e7\u00e3o e mantenha o esquema vacinal completo para impedir a dissemina\u00e7\u00e3o do v\u00edrus.<\/p>\n\n\n\n<p>POLOS DE VACINA\u00c7\u00c3O<\/p>\n\n\n\n<p>Atendimento de segunda a s\u00e1bado das 09h \u00e0s 17h:<\/p>\n\n\n\n<ul class=\"wp-block-list\"><li>Drive-thru: Centro de Eventos \u201cBoi\u00f3dromo\u201d, em Jordan\u00e9sia Av. Vereador Joaquim Pereira Barbosa n\u00ba 827 (entrada pelo Gin\u00e1sio de Esportes Prefeito Manoel \u00c1lvares, em Jordan\u00e9sia)<\/li><li>Gin\u00e1sio do Polvilho: Gin\u00e1sio de Esportes \u201cAnt\u00f4nio Carlos Tramassi\u201d, no Polvilho. Rua Creuza Ferreira de Ara\u00fajo n\u00ba 120 (estacionamento para ve\u00edculos ao lado do Gin\u00e1sio)<\/li><\/ul>\n","protected":false},"excerpt":{"rendered":"<p>Se voc\u00ea recebeu a vacina com a dose \u00fanica da JANSSEN, compare\u00e7a ao Polo de Vacina\u00e7\u00e3o mais pr\u00f3ximo de sua resid\u00eancia para refor\u00e7ar a imuniza\u00e7\u00e3o contra o coronav\u00edrus<\/p>\n","protected":false},"author":23,"featured_media":27085,"comment_status":"closed","ping_status":"closed","sticky":true,"template":"","format":"standard","meta":{"footnotes":""},"categories":[34,2,86],"tags":[970,1156,430],"posicao":[28],"class_list":["post-27084","post","type-post","status-publish","format-standard","has-post-thumbnail","hentry","category-coronavirus","category-saude","category-vacinaja-cajamar","tag-dose-de-reforco","tag-janssen","tag-segunda-dose","posicao-destaque"],"_links":{"self":[{"href":"https:\/\/cajamar.sp.gov.br\/noticias\/wp-json\/wp\/v2\/posts\/27084","targetHints":{"allow":["GET"]}}],"collection":[{"href":"https:\/\/cajamar.sp.gov.br\/noticias\/wp-json\/wp\/v2\/posts"}],"about":[{"href":"https:\/\/cajamar.sp.gov.br\/noticias\/wp-json\/wp\/v2\/types\/post"}],"author":[{"embeddable":true,"href":"https:\/\/cajamar.sp.gov.br\/noticias\/wp-json\/wp\/v2\/users\/23"}],"replies":[{"embeddable":true,"href":"https:\/\/cajamar.sp.gov.br\/noticias\/wp-json\/wp\/v2\/comments?post=27084"}],"version-history":[{"count":1,"href":"https:\/\/cajamar.sp.gov.br\/noticias\/wp-json\/wp\/v2\/posts\/27084\/revisions"}],"predecessor-version":[{"id":27086,"href":"https:\/\/cajamar.sp.gov.br\/noticias\/wp-json\/wp\/v2\/posts\/27084\/revisions\/27086"}],"wp:featuredmedia":[{"embeddable":true,"href":"https:\/\/cajamar.sp.gov.br\/noticias\/wp-json\/wp\/v2\/media\/27085"}],"wp:attachment":[{"href":"https:\/\/cajamar.sp.gov.br\/noticias\/wp-json\/wp\/v2\/media?parent=27084"}],"wp:term":[{"taxonomy":"category","embeddable":true,"href":"https:\/\/cajamar.sp.gov.br\/noticias\/wp-json\/wp\/v2\/categories?post=27084"},{"taxonomy":"post_tag","embeddable":true,"href":"https:\/\/cajamar.sp.gov.br\/noticias\/wp-json\/wp\/v2\/tags?post=27084"},{"taxonomy":"posicao","embeddable":true,"href":"https:\/\/cajamar.sp.gov.br\/noticias\/wp-json\/wp\/v2\/posicao?post=27084"}],"curies":[{"name":"wp","href":"https:\/\/api.w.org\/{rel}","templated":true}]}}