{"id":27099,"date":"2021-12-06T18:23:36","date_gmt":"2021-12-06T21:23:36","guid":{"rendered":"https:\/\/cajamar.sp.gov.br\/noticias\/?p=27099"},"modified":"2021-12-06T18:23:36","modified_gmt":"2021-12-06T21:23:36","slug":"cajamar-ja-aplicou-mais-de-150-mil-doses-de-vacinas-contra-a-covid-19","status":"publish","type":"post","link":"https:\/\/cajamar.sp.gov.br\/noticias\/2021\/12\/06\/cajamar-ja-aplicou-mais-de-150-mil-doses-de-vacinas-contra-a-covid-19\/","title":{"rendered":"Cajamar j\u00e1 aplicou mais de 150 mil doses de vacinas contra a COVID-19"},"content":{"rendered":"\n<figure class=\"wp-block-image size-full\"><a href=\"https:\/\/cajamar.sp.gov.br\/noticias\/wp-content\/uploads\/sites\/2\/2021\/12\/site-150-mil-doses-aplicadas.png\"><img fetchpriority=\"high\" decoding=\"async\" width=\"1000\" height=\"700\" src=\"https:\/\/cajamar.sp.gov.br\/noticias\/wp-content\/uploads\/sites\/2\/2021\/12\/site-150-mil-doses-aplicadas.png\" alt=\"\" class=\"wp-image-27100\" srcset=\"https:\/\/cajamar.sp.gov.br\/noticias\/wp-content\/uploads\/sites\/2\/2021\/12\/site-150-mil-doses-aplicadas.png 1000w, https:\/\/cajamar.sp.gov.br\/noticias\/wp-content\/uploads\/sites\/2\/2021\/12\/site-150-mil-doses-aplicadas-768x538.png 768w\" sizes=\"(max-width: 1000px) 100vw, 1000px\" \/><\/a><\/figure>\n\n\n\n<p>Essa semana, o munic\u00edpio de Cajamar atingiu a marca de 150 mil imuniza\u00e7\u00f5es contra a COVID-19 aplicadas, incluindo a primeira dose, dose \u00fanica, segunda dose e terceira dose (suplementar). Os Polos de Vacina\u00e7\u00e3o seguem atendendo os mun\u00edcipes de segunda a s\u00e1bado, das 9h \u00e0s 17h.<\/p>\n\n\n\n<p>Se voc\u00ea ainda n\u00e3o est\u00e1 com o esquema vacinal completo, fique atento aos novos intervalos que foram reduzidos, tanto para a segunda dose quanto para a dose de refor\u00e7o. As doses adicionais s\u00e3o t\u00e3o importantes quanto a primeira, para que possamos impedir a dissemina\u00e7\u00e3o da COVID-19.<\/p>\n\n\n\n<p>SEGUNDA DOSE:<\/p>\n\n\n\n<p>Quem se vacinou com os imunizantes CORONAVAC, ASTRAZENECA e PFIZER e ainda n\u00e3o tomou a segunda dose, o intervalo entre a primeira e segunda dose foi reduzido para 21 dias. \u00c9 importante ver a data em que voc\u00ea foi vacinado, que consta na carteirinha, e confira se j\u00e1 chegou sua vez.<br>OBS: Segunda dose dos imunizantes ASTRAZENECA e CORONAVAC est\u00e3o sendo aplicadas somente aos s\u00e1bados.<\/p>\n\n\n\n<p>TERCEIRA DOSE:<\/p>\n\n\n\n<p>O intervalo para a terceira dose tamb\u00e9m foi reduzido de seis para quatro meses. Se voc\u00ea est\u00e1 aguardando para tomar a dose de refor\u00e7o, confira se j\u00e1 est\u00e1 no prazo para completar o esquema vacinal. Somente com as imuniza\u00e7\u00f5es completas poderemos refor\u00e7ar a imuniza\u00e7\u00e3o contra o coronav\u00edrus.<\/p>\n\n\n\n<p>SEGUNDA DOSE PARA QUEM SE VACINOU COM A JANSSEN:<\/p>\n\n\n\n<p>A Secretaria de Sa\u00fade de Cajamar iniciou a aplica\u00e7\u00e3o da dose de refor\u00e7o para quem se vacinou com o imunizante JANSSEN. A segunda dose que est\u00e1 sendo aplicada \u00e9 do imunizante Pfizer, autorizado pelo Minist\u00e9rio da Sa\u00fade, para pessoas que tomaram a dose \u00fanica h\u00e1 pelo menos dois meses (61 dias).<\/p>\n","protected":false},"excerpt":{"rendered":"<p>Confira os novos intervalos que foram reduzidos para a segunda e terceira dose e mantenha suas vacinas em dia<\/p>\n","protected":false},"author":23,"featured_media":27100,"comment_status":"closed","ping_status":"closed","sticky":true,"template":"","format":"standard","meta":{"footnotes":""},"categories":[34,2,86],"tags":[1165,1166,970,1167,430,969],"posicao":[28],"class_list":["post-27099","post","type-post","status-publish","format-standard","has-post-thumbnail","hentry","category-coronavirus","category-saude","category-vacinaja-cajamar","tag-150-mil-doses","tag-4-meses","tag-dose-de-reforco","tag-reforco","tag-segunda-dose","tag-terceira-dose","posicao-destaque"],"_links":{"self":[{"href":"https:\/\/cajamar.sp.gov.br\/noticias\/wp-json\/wp\/v2\/posts\/27099","targetHints":{"allow":["GET"]}}],"collection":[{"href":"https:\/\/cajamar.sp.gov.br\/noticias\/wp-json\/wp\/v2\/posts"}],"about":[{"href":"https:\/\/cajamar.sp.gov.br\/noticias\/wp-json\/wp\/v2\/types\/post"}],"author":[{"embeddable":true,"href":"https:\/\/cajamar.sp.gov.br\/noticias\/wp-json\/wp\/v2\/users\/23"}],"replies":[{"embeddable":true,"href":"https:\/\/cajamar.sp.gov.br\/noticias\/wp-json\/wp\/v2\/comments?post=27099"}],"version-history":[{"count":1,"href":"https:\/\/cajamar.sp.gov.br\/noticias\/wp-json\/wp\/v2\/posts\/27099\/revisions"}],"predecessor-version":[{"id":27101,"href":"https:\/\/cajamar.sp.gov.br\/noticias\/wp-json\/wp\/v2\/posts\/27099\/revisions\/27101"}],"wp:featuredmedia":[{"embeddable":true,"href":"https:\/\/cajamar.sp.gov.br\/noticias\/wp-json\/wp\/v2\/media\/27100"}],"wp:attachment":[{"href":"https:\/\/cajamar.sp.gov.br\/noticias\/wp-json\/wp\/v2\/media?parent=27099"}],"wp:term":[{"taxonomy":"category","embeddable":true,"href":"https:\/\/cajamar.sp.gov.br\/noticias\/wp-json\/wp\/v2\/categories?post=27099"},{"taxonomy":"post_tag","embeddable":true,"href":"https:\/\/cajamar.sp.gov.br\/noticias\/wp-json\/wp\/v2\/tags?post=27099"},{"taxonomy":"posicao","embeddable":true,"href":"https:\/\/cajamar.sp.gov.br\/noticias\/wp-json\/wp\/v2\/posicao?post=27099"}],"curies":[{"name":"wp","href":"https:\/\/api.w.org\/{rel}","templated":true}]}}