{"id":27108,"date":"2021-12-08T16:03:33","date_gmt":"2021-12-08T19:03:33","guid":{"rendered":"https:\/\/cajamar.sp.gov.br\/noticias\/?p=27108"},"modified":"2021-12-08T16:03:33","modified_gmt":"2021-12-08T19:03:33","slug":"nova-antecipacao-da-3a-dose-da-vacina-contra-a-covid-19","status":"publish","type":"post","link":"https:\/\/cajamar.sp.gov.br\/noticias\/2021\/12\/08\/nova-antecipacao-da-3a-dose-da-vacina-contra-a-covid-19\/","title":{"rendered":"Nova antecipa\u00e7\u00e3o da 3\u00aa dose da vacina contra a COVID-19"},"content":{"rendered":"\n<figure class=\"wp-block-image size-full is-resized\"><a href=\"https:\/\/cajamar.sp.gov.br\/noticias\/wp-content\/uploads\/sites\/2\/2021\/12\/site-antecipacao-3a-dose.png\"><img fetchpriority=\"high\" decoding=\"async\" src=\"https:\/\/cajamar.sp.gov.br\/noticias\/wp-content\/uploads\/sites\/2\/2021\/12\/site-antecipacao-3a-dose.png\" alt=\"\" class=\"wp-image-27109\" width=\"840\" height=\"588\" srcset=\"https:\/\/cajamar.sp.gov.br\/noticias\/wp-content\/uploads\/sites\/2\/2021\/12\/site-antecipacao-3a-dose.png 1000w, https:\/\/cajamar.sp.gov.br\/noticias\/wp-content\/uploads\/sites\/2\/2021\/12\/site-antecipacao-3a-dose-768x538.png 768w\" sizes=\"(max-width: 840px) 100vw, 840px\" \/><\/a><\/figure>\n\n\n\n<p>A partir desta quarta-feira (08), a Secretaria de Sa\u00fade de Cajamar iniciou a antecipa\u00e7\u00e3o da terceira dose da vacina contra a COVID-19, com o intervalo reduzido de cinco para quatro meses, para pessoas que se vacinaram com os imunizantes CORONAVAC, ASTRAZENECA e PFIZER.<\/p>\n\n\n\n<p>Se voc\u00ea tomou a segunda dose at\u00e9 o m\u00eas de agosto, compare\u00e7a ao Polo de Vacina\u00e7\u00e3o mais pr\u00f3ximo de sua resid\u00eancia para garantir a dose de refor\u00e7o. No momento da aplica\u00e7\u00e3o \u00e9 preciso apresentar documento original com foto e a carteirinha de vacina\u00e7\u00e3o contra a COVID-19.<\/p>\n\n\n\n<p>Para as pessoas que se vacinaram com o imunizante JANSSEN, na \u00faltima semana teve in\u00edcio a aplica\u00e7\u00e3o da dose de refor\u00e7o. A segunda dose que est\u00e1 sendo aplicada \u00e9 do imunizante Pfizer, autorizado pelo Minist\u00e9rio da Sa\u00fade, para pessoas que tomaram a dose \u00fanica h\u00e1 pelo menos dois meses (61 dias).<\/p>\n\n\n\n<p>POLOS DE VACINA\u00c7\u00c3O<\/p>\n\n\n\n<p>Atendimento de segunda \u00e0 s\u00e1bado, das 09h \u00e0s 17h:<\/p>\n\n\n\n<ul class=\"wp-block-list\"><li>Drive-thru: Centro de Eventos \u201cBoi\u00f3dromo\u201d, em Jordan\u00e9sia Av. Vereador Joaquim Pereira Barbosa n\u00ba 827 (entrada pelo Gin\u00e1sio de Esportes Prefeito Manoel \u00c1lvares, em Jordan\u00e9sia)<\/li><li>Gin\u00e1sio do Polvilho: Gin\u00e1sio de Esportes \u201cAnt\u00f4nio Carlos Tramassi\u201d, no Polvilho. Rua Creuza Ferreira de Ara\u00fajo n\u00ba 120 (estacionamento para ve\u00edculos ao lado do Gin\u00e1sio.<\/li><\/ul>\n","protected":false},"excerpt":{"rendered":"<p>Se voc\u00ea tomou a segunda dose em agosto, compare\u00e7a a um Polo de Vacina\u00e7\u00e3o para garantir a dose de refor\u00e7o<\/p>\n","protected":false},"author":23,"featured_media":27109,"comment_status":"closed","ping_status":"closed","sticky":true,"template":"","format":"standard","meta":{"footnotes":""},"categories":[34,2,86],"tags":[971,1166,970,1173],"posicao":[28],"class_list":["post-27108","post","type-post","status-publish","format-standard","has-post-thumbnail","hentry","category-coronavirus","category-saude","category-vacinaja-cajamar","tag-3a-dose","tag-4-meses","tag-dose-de-reforco","tag-intervalo","posicao-destaque"],"_links":{"self":[{"href":"https:\/\/cajamar.sp.gov.br\/noticias\/wp-json\/wp\/v2\/posts\/27108","targetHints":{"allow":["GET"]}}],"collection":[{"href":"https:\/\/cajamar.sp.gov.br\/noticias\/wp-json\/wp\/v2\/posts"}],"about":[{"href":"https:\/\/cajamar.sp.gov.br\/noticias\/wp-json\/wp\/v2\/types\/post"}],"author":[{"embeddable":true,"href":"https:\/\/cajamar.sp.gov.br\/noticias\/wp-json\/wp\/v2\/users\/23"}],"replies":[{"embeddable":true,"href":"https:\/\/cajamar.sp.gov.br\/noticias\/wp-json\/wp\/v2\/comments?post=27108"}],"version-history":[{"count":1,"href":"https:\/\/cajamar.sp.gov.br\/noticias\/wp-json\/wp\/v2\/posts\/27108\/revisions"}],"predecessor-version":[{"id":27110,"href":"https:\/\/cajamar.sp.gov.br\/noticias\/wp-json\/wp\/v2\/posts\/27108\/revisions\/27110"}],"wp:featuredmedia":[{"embeddable":true,"href":"https:\/\/cajamar.sp.gov.br\/noticias\/wp-json\/wp\/v2\/media\/27109"}],"wp:attachment":[{"href":"https:\/\/cajamar.sp.gov.br\/noticias\/wp-json\/wp\/v2\/media?parent=27108"}],"wp:term":[{"taxonomy":"category","embeddable":true,"href":"https:\/\/cajamar.sp.gov.br\/noticias\/wp-json\/wp\/v2\/categories?post=27108"},{"taxonomy":"post_tag","embeddable":true,"href":"https:\/\/cajamar.sp.gov.br\/noticias\/wp-json\/wp\/v2\/tags?post=27108"},{"taxonomy":"posicao","embeddable":true,"href":"https:\/\/cajamar.sp.gov.br\/noticias\/wp-json\/wp\/v2\/posicao?post=27108"}],"curies":[{"name":"wp","href":"https:\/\/api.w.org\/{rel}","templated":true}]}}