{"id":27363,"date":"2022-01-20T11:09:48","date_gmt":"2022-01-20T14:09:48","guid":{"rendered":"https:\/\/cajamar.sp.gov.br\/noticias\/?p=27363"},"modified":"2022-01-20T11:09:48","modified_gmt":"2022-01-20T14:09:48","slug":"residuos-descartados-em-corregos-agravam-enchentes-e-alagamentos","status":"publish","type":"post","link":"https:\/\/cajamar.sp.gov.br\/noticias\/2022\/01\/20\/residuos-descartados-em-corregos-agravam-enchentes-e-alagamentos\/","title":{"rendered":"Res\u00edduos descartados em c\u00f3rregos agravam enchentes e alagamentos"},"content":{"rendered":"\n<figure class=\"wp-block-gallery columns-2 is-cropped wp-block-gallery-1 is-layout-flex wp-block-gallery-is-layout-flex\"><ul class=\"blocks-gallery-grid\"><li class=\"blocks-gallery-item\"><figure><img fetchpriority=\"high\" decoding=\"async\" width=\"1200\" height=\"900\" src=\"https:\/\/cajamar.sp.gov.br\/noticias\/wp-content\/uploads\/sites\/2\/2022\/01\/1-3.jpg\" alt=\"\" data-id=\"27364\" data-full-url=\"https:\/\/cajamar.sp.gov.br\/noticias\/wp-content\/uploads\/sites\/2\/2022\/01\/1-3.jpg\" data-link=\"https:\/\/cajamar.sp.gov.br\/noticias\/?attachment_id=27364\" class=\"wp-image-27364\" srcset=\"https:\/\/cajamar.sp.gov.br\/noticias\/wp-content\/uploads\/sites\/2\/2022\/01\/1-3.jpg 1200w, https:\/\/cajamar.sp.gov.br\/noticias\/wp-content\/uploads\/sites\/2\/2022\/01\/1-3-300x225.jpg 300w, https:\/\/cajamar.sp.gov.br\/noticias\/wp-content\/uploads\/sites\/2\/2022\/01\/1-3-768x576.jpg 768w\" sizes=\"(max-width: 1200px) 100vw, 1200px\" \/><\/figure><\/li><li class=\"blocks-gallery-item\"><figure><img decoding=\"async\" width=\"1200\" height=\"797\" src=\"https:\/\/cajamar.sp.gov.br\/noticias\/wp-content\/uploads\/sites\/2\/2022\/01\/2-3.jpg\" alt=\"\" data-id=\"27365\" data-full-url=\"https:\/\/cajamar.sp.gov.br\/noticias\/wp-content\/uploads\/sites\/2\/2022\/01\/2-3.jpg\" data-link=\"https:\/\/cajamar.sp.gov.br\/noticias\/?attachment_id=27365\" class=\"wp-image-27365\" srcset=\"https:\/\/cajamar.sp.gov.br\/noticias\/wp-content\/uploads\/sites\/2\/2022\/01\/2-3.jpg 1200w, https:\/\/cajamar.sp.gov.br\/noticias\/wp-content\/uploads\/sites\/2\/2022\/01\/2-3-768x510.jpg 768w\" sizes=\"(max-width: 1200px) 100vw, 1200px\" \/><\/figure><\/li><li class=\"blocks-gallery-item\"><figure><img decoding=\"async\" width=\"1200\" height=\"900\" src=\"https:\/\/cajamar.sp.gov.br\/noticias\/wp-content\/uploads\/sites\/2\/2022\/01\/3-4.jpg\" alt=\"\" data-id=\"27366\" data-full-url=\"https:\/\/cajamar.sp.gov.br\/noticias\/wp-content\/uploads\/sites\/2\/2022\/01\/3-4.jpg\" data-link=\"https:\/\/cajamar.sp.gov.br\/noticias\/?attachment_id=27366\" class=\"wp-image-27366\" srcset=\"https:\/\/cajamar.sp.gov.br\/noticias\/wp-content\/uploads\/sites\/2\/2022\/01\/3-4.jpg 1200w, https:\/\/cajamar.sp.gov.br\/noticias\/wp-content\/uploads\/sites\/2\/2022\/01\/3-4-300x225.jpg 300w, https:\/\/cajamar.sp.gov.br\/noticias\/wp-content\/uploads\/sites\/2\/2022\/01\/3-4-768x576.jpg 768w\" sizes=\"(max-width: 1200px) 100vw, 1200px\" \/><\/figure><\/li><li class=\"blocks-gallery-item\"><figure><img loading=\"lazy\" decoding=\"async\" width=\"1200\" height=\"900\" src=\"https:\/\/cajamar.sp.gov.br\/noticias\/wp-content\/uploads\/sites\/2\/2022\/01\/4-5.jpg\" alt=\"\" data-id=\"27367\" data-full-url=\"https:\/\/cajamar.sp.gov.br\/noticias\/wp-content\/uploads\/sites\/2\/2022\/01\/4-5.jpg\" data-link=\"https:\/\/cajamar.sp.gov.br\/noticias\/?attachment_id=27367\" class=\"wp-image-27367\" srcset=\"https:\/\/cajamar.sp.gov.br\/noticias\/wp-content\/uploads\/sites\/2\/2022\/01\/4-5.jpg 1200w, https:\/\/cajamar.sp.gov.br\/noticias\/wp-content\/uploads\/sites\/2\/2022\/01\/4-5-300x225.jpg 300w, https:\/\/cajamar.sp.gov.br\/noticias\/wp-content\/uploads\/sites\/2\/2022\/01\/4-5-768x576.jpg 768w\" sizes=\"(max-width: 1200px) 100vw, 1200px\" \/><\/figure><\/li><li class=\"blocks-gallery-item\"><figure><img loading=\"lazy\" decoding=\"async\" width=\"1200\" height=\"800\" src=\"https:\/\/cajamar.sp.gov.br\/noticias\/wp-content\/uploads\/sites\/2\/2022\/01\/5-5.jpg\" alt=\"\" data-id=\"27368\" data-full-url=\"https:\/\/cajamar.sp.gov.br\/noticias\/wp-content\/uploads\/sites\/2\/2022\/01\/5-5.jpg\" data-link=\"https:\/\/cajamar.sp.gov.br\/noticias\/?attachment_id=27368\" class=\"wp-image-27368\" srcset=\"https:\/\/cajamar.sp.gov.br\/noticias\/wp-content\/uploads\/sites\/2\/2022\/01\/5-5.jpg 1200w, https:\/\/cajamar.sp.gov.br\/noticias\/wp-content\/uploads\/sites\/2\/2022\/01\/5-5-768x512.jpg 768w\" sizes=\"(max-width: 1200px) 100vw, 1200px\" \/><\/figure><\/li><li class=\"blocks-gallery-item\"><figure><img loading=\"lazy\" decoding=\"async\" width=\"1200\" height=\"800\" src=\"https:\/\/cajamar.sp.gov.br\/noticias\/wp-content\/uploads\/sites\/2\/2022\/01\/6-1.jpg\" alt=\"\" data-id=\"27369\" data-full-url=\"https:\/\/cajamar.sp.gov.br\/noticias\/wp-content\/uploads\/sites\/2\/2022\/01\/6-1.jpg\" data-link=\"https:\/\/cajamar.sp.gov.br\/noticias\/?attachment_id=27369\" class=\"wp-image-27369\" srcset=\"https:\/\/cajamar.sp.gov.br\/noticias\/wp-content\/uploads\/sites\/2\/2022\/01\/6-1.jpg 1200w, https:\/\/cajamar.sp.gov.br\/noticias\/wp-content\/uploads\/sites\/2\/2022\/01\/6-1-768x512.jpg 768w\" sizes=\"(max-width: 1200px) 100vw, 1200px\" \/><\/figure><\/li><\/ul><\/figure>\n\n\n\n<p>As chuvas intensas, t\u00e3o comuns na \u00e9poca do ver\u00e3o, t\u00eam atingido toda a regi\u00e3o metropolitana com intensidade desde o final do ano passado. Naturais e necess\u00e1rias, as chuvas nesta \u00e9poca contribuem para a cheia dos reservat\u00f3rios de abastecimento h\u00eddrico e s\u00e3o importantes para todo o ecossistema, mas as tempestades tamb\u00e9m trazem um lado ruim, as enchentes, principalmente a \u00e1reas e cidades adensadas, e que s\u00e3o agravadas severamente pelo descarte ilegal de res\u00edduos, especialmente em vias p\u00fablicas e dentro de rios e c\u00f3rregos.<\/p>\n\n\n\n<p>Desde a intensa chuva que atingiu a cidade durante o m\u00eas de dezembro, equipes da Defesa Civil em parceria com agentes da Secretaria Municipal de Infraestrutura e Servi\u00e7os P\u00fablicos de Cajamar vem atuando na remo\u00e7\u00e3o de lixos existentes nos c\u00f3rregos, especialmente res\u00edduos inserv\u00edveis, pneus e m\u00f3veis.<\/p>\n\n\n\n<p>O entulho oriundo dos restos de constru\u00e7\u00e3o \u00e9 outro tipo de res\u00edduo que \u00e9 comumente disposto ilegalmente nas margens de c\u00f3rregos ou terrenos baldios e que tamb\u00e9m acabam carregados pela for\u00e7a das \u00e1guas nos dias de fortes precipita\u00e7\u00f5es. O descarte deste entulho \u00e9 de responsabilidade do morador que deve contratar o servi\u00e7o de remo\u00e7\u00e3o por ca\u00e7amba.<\/p>\n\n\n\n<p>Cata Treco<\/p>\n\n\n\n<p>O servi\u00e7o de limpeza urbana \u201cCata Treco\u201d segue acontecendo em diversos bairros da cidade. O programa \u00e9 respons\u00e1vel por coletar m\u00f3veis antigos, colch\u00f5es, eletrodom\u00e9sticos queimados, brinquedos quebrados, entre outros objetos que n\u00e3o s\u00e3o mais utilizados nas resid\u00eancias.<\/p>\n\n\n\n<p>O programa ajuda a manter a limpeza da cidade e manuten\u00e7\u00e3o das ruas e avenidas. Os moradores devem descartar os materiais 1 (um) dia antes da chegada do caminh\u00e3o.<\/p>\n\n\n\n<p>Vale ressaltar, que \u201ctreco\u201d n\u00e3o \u00e9 entulho ou restos de constru\u00e7\u00e3o, para esse tipo de material \u00e9 necess\u00e1ria a contrata\u00e7\u00e3o de ca\u00e7ambas especializadas no descarte destes materiais, assim como n\u00e3o se pode misturar o lixo dom\u00e9stico com o item que ser\u00e1 coletado.<\/p>\n\n\n\n<p>Conscientiza\u00e7\u00e3o<\/p>\n\n\n\n<p>Preserva\u00e7\u00e3o, \u00e9 um dever de todos, al\u00e9m da pr\u00f3pria coleta porta a porta, as lixeiras tamb\u00e9m desempenham papel fundamental para evitar o ac\u00famulo de res\u00edduos nas ruas, pra\u00e7as e parques.<\/p>\n\n\n\n<p>A Secretaria de Infraestrutura e Servi\u00e7os P\u00fablicos alerta ainda para a import\u00e2ncia de realizar a disposi\u00e7\u00e3o do lixo em hor\u00e1rios pr\u00f3ximos ao que o caminh\u00e3o de coleta passa nos bairros, com o objetivo de evitar que os sacos de lixo possam ser levados indevidamente pelas \u00e1guas. A cidade \u00e9 dividida em setores e a coleta porta a porta \u00e9 realizada em dias diferenciados<\/p>\n","protected":false},"excerpt":{"rendered":"<p>A equipe de servi\u00e7os p\u00fablicos do munic\u00edpio vem atuando na remo\u00e7\u00e3o de lixos existentes nos c\u00f3rregos, especialmente res\u00edduos inserv\u00edveis, pneus e m\u00f3veis<\/p>\n","protected":false},"author":23,"featured_media":27364,"comment_status":"closed","ping_status":"closed","sticky":true,"template":"","format":"standard","meta":{"footnotes":""},"categories":[20,15,14],"tags":[126,326,263,1253,325],"posicao":[28],"class_list":["post-27363","post","type-post","status-publish","format-standard","has-post-thumbnail","hentry","category-defesa-civil","category-infraestrutura","category-servicos-publicos","tag-alagamento","tag-corrego","tag-enchentes","tag-residuos","tag-rio","posicao-destaque"],"_links":{"self":[{"href":"https:\/\/cajamar.sp.gov.br\/noticias\/wp-json\/wp\/v2\/posts\/27363","targetHints":{"allow":["GET"]}}],"collection":[{"href":"https:\/\/cajamar.sp.gov.br\/noticias\/wp-json\/wp\/v2\/posts"}],"about":[{"href":"https:\/\/cajamar.sp.gov.br\/noticias\/wp-json\/wp\/v2\/types\/post"}],"author":[{"embeddable":true,"href":"https:\/\/cajamar.sp.gov.br\/noticias\/wp-json\/wp\/v2\/users\/23"}],"replies":[{"embeddable":true,"href":"https:\/\/cajamar.sp.gov.br\/noticias\/wp-json\/wp\/v2\/comments?post=27363"}],"version-history":[{"count":1,"href":"https:\/\/cajamar.sp.gov.br\/noticias\/wp-json\/wp\/v2\/posts\/27363\/revisions"}],"predecessor-version":[{"id":27370,"href":"https:\/\/cajamar.sp.gov.br\/noticias\/wp-json\/wp\/v2\/posts\/27363\/revisions\/27370"}],"wp:featuredmedia":[{"embeddable":true,"href":"https:\/\/cajamar.sp.gov.br\/noticias\/wp-json\/wp\/v2\/media\/27364"}],"wp:attachment":[{"href":"https:\/\/cajamar.sp.gov.br\/noticias\/wp-json\/wp\/v2\/media?parent=27363"}],"wp:term":[{"taxonomy":"category","embeddable":true,"href":"https:\/\/cajamar.sp.gov.br\/noticias\/wp-json\/wp\/v2\/categories?post=27363"},{"taxonomy":"post_tag","embeddable":true,"href":"https:\/\/cajamar.sp.gov.br\/noticias\/wp-json\/wp\/v2\/tags?post=27363"},{"taxonomy":"posicao","embeddable":true,"href":"https:\/\/cajamar.sp.gov.br\/noticias\/wp-json\/wp\/v2\/posicao?post=27363"}],"curies":[{"name":"wp","href":"https:\/\/api.w.org\/{rel}","templated":true}]}}